{"id":206536,"date":"2025-05-08T15:17:16","date_gmt":"2025-05-08T18:17:16","guid":{"rendered":"https:\/\/corrientesdetarde.com\/?p=206536"},"modified":"2025-05-08T15:17:28","modified_gmt":"2025-05-08T18:17:28","slug":"es-ley-el-proyecto-que-impulsa-la-creacion-del-programa-infancias-acompanadas","status":"publish","type":"post","link":"https:\/\/corrientesdetarde.com\/index.php\/destacados\/es-ley-el-proyecto-que-impulsa-la-creacion-del-programa-infancias-acompanadas\/","title":{"rendered":"Es ley el proyecto que impulsa la creaci\u00f3n del Programa \u201cInfancias Acompa\u00f1adas\u201d"},"content":{"rendered":"\n<p>En su cuarta sesi\u00f3n ordinaria la C\u00e1mara de Senadores, presidida por el vicepresidente 1ro. Henry Fick, convirti\u00f3 en ley el Proyecto remitido por la Honorable C\u00e1mara de Diputados por el que se crea el Programa \u201cInfancias Acompa\u00f1adas\u201d.<\/p>\n\n\n\n<p>La iniciativa, que fue incorporada al orden del d\u00eda y tratada sobre tablas, impulsa el acompa\u00f1amiento profesional a los ni\u00f1os, ni\u00f1as y adolescentes que viven en los hogares de menores de la provincia de Corrientes, desarrollado a trav\u00e9s de profesionales de distintas \u00e1reas, entre las que se encuentra la salud y la educaci\u00f3n, con el objetivo de que aquellas infancias cuenten con el apoyo de expertos a lo largo de su crecimiento hasta la adultez o de su tr\u00e1nsito por los hogares si aquel fuera menor.<\/p>\n\n\n\n<p>Asimismo, es ley el Proyecto venido de la Honorable C\u00e1mara de Diputados por el que se declara como Fiesta Provincial a la \u201cFiesta Criolla de la Jineteada y el Chamam\u00e9\u201d que se realiza anualmente el 01 de enero en la localidad de Ber\u00f3n de Astrada.<\/p>\n\n\n\n<p>Sumado a esto, fue incorporado al orden del d\u00eda y tratado sobre tablas el Proyecto de Ley presentado por varios Senadores por el que declara al 09 de abril como \u201cD\u00eda del Norte Grande Argentino\u201d, el mismo fue aprobado con media sanci\u00f3n.<\/p>\n\n\n\n<p>Del mismo modo, obtuvo media sanci\u00f3n el Proyecto de Ley presentado por el Senador Di\u00f3genes Ignacio Gonz\u00e1lez y otros por el que se crea la \u201cLibreta de Salud Escolar\u201d.<\/p>\n\n\n\n<p>En otro orden, el Proyecto de Ley enviado por la Honorable C\u00e1mara de Diputados por el que se declara \u201cPersonalidad Destacada\u201d a la cantante de m\u00fasica litorale\u00f1a, folklore y chamam\u00e9, Se\u00f1ora Ofelia Leiva, volvi\u00f3 con modificaciones a la C\u00e1mara baja.<\/p>\n\n\n\n<p>Por otra parte, se llev\u00f3 a cabo la audiencia p\u00fablica para tratar el pliego enviado por el Poder Ejecutivo Provincial, que solicita Acuerdo para la designaci\u00f3n en el cargo de Juez de Garant\u00edas de la Primera Circunscripci\u00f3n Judicial con asiento en la ciudad de Corrientes, para el Dr. Leandro Dami\u00e1n Llorente. El mismo pas\u00f3 sin impugnaciones a la Comisi\u00f3n de Poderes, Peticiones, Acuerdos y Reglamentos.<\/p>\n\n\n\n<p>Cabe destacar adem\u00e1s que la C\u00e1mara alta prest\u00f3 acuerdo a los siguientes pliegos enviados por el Poder Ejecutivo Provincial: para la designaci\u00f3n en el cargo de Asesor de Menores e Incapaces de la Cuarta Circunscripci\u00f3n Judicial con asiento en la ciudad de Paso de los Libres (Corrientes), para la Dra. Mar\u00eda Fiorella Cusinatto.<\/p>\n\n\n\n<p>Y para la designaci\u00f3n en el cargo de Asesor de Menores e Incapaces de la Segunda Circunscripci\u00f3n Judicial con asiento en la ciudad de Esquina (Corrientes), para la Dra. Anal\u00eda Granero.<\/p>\n\n\n\n<p>Seguidamente, se acord\u00f3 para el pr\u00f3ximo jueves 22 de mayo en horario de sesi\u00f3n desarrollar una nueva audiencia p\u00fablica: remitido por el Poder Ejecutivo Provincial solicita Acuerdo para la designaci\u00f3n en el cargo de Fiscal de Investigaci\u00f3n de la Primera Circunscripci\u00f3n Judicial con asiento en la ciudad de Corrientes, para el Dr. Jorge Antonio Casarotto.<\/p>\n\n\n\n<p>Inter\u00e9s legislativo<\/p>\n\n\n\n<p>Para terminar, se declar\u00f3 de inter\u00e9s legislativo la realizaci\u00f3n de la Jornada de Derecho Constitucional \u201cDebates sobre Federalismo y Democracia\u201d, en homenaje a la Prof. Dra. Martha H. Altabe y al Prof. Dr. Mario Mid\u00f3n, presentado por varios Senadores;<\/p>\n\n\n\n<p>el reconocimiento General San Mart\u00edn a la trayectoria profesional y acad\u00e9mica del Dr. Abel Pascual Albino, impulsado por los Senadores Francisco Ignacio Osella y Henry Jorge Fick;<\/p>\n\n\n\n<p>la realizaci\u00f3n del \u201cIV Congreso Iberoamericano: Historia, Genealog\u00eda y Cultura\u201d, iniciativa del Senador Di\u00f3genes Ignacio Gonz\u00e1lez;<\/p>\n\n\n\n<p>la visita a la Provincia del Escritor Mexicano Dr. Honoris Causa Se\u00f1or Cesar Zuri, iniciativa por el Senador Di\u00f3genes Ignacio Gonz\u00e1lez;<\/p>\n\n\n\n<p>la XXV Expo B\u00fafalos, organizada por la Asociaci\u00f3n Argentina de Criadores de B\u00fafalos, a realizarse en el predio de la Sociedad Rural de Corrientes, presentado por el Senador Noel Eugenio Breard.<\/p>\n\n\n\n<p>Y se expres\u00f3 el rechazo por la exclusi\u00f3n del g\u00e9nero Chamam\u00e9 de la Edici\u00f3n 2025 de los Premios Gardel, presentado por el Senador Mart\u00edn Miguel Barrionuevo.<\/p>\n\n\n\n<figure class=\"wp-block-image size-large\"><img loading=\"lazy\" decoding=\"async\" width=\"1024\" height=\"682\" src=\"https:\/\/corrientesdetarde.com\/wp-content\/uploads\/2025\/05\/WhatsApp-Image-2025-05-08-at-14.52.49-1024x682.jpeg\" alt=\"\" class=\"wp-image-206537\" srcset=\"https:\/\/corrientesdetarde.com\/wp-content\/uploads\/2025\/05\/WhatsApp-Image-2025-05-08-at-14.52.49-1024x682.jpeg 1024w, https:\/\/corrientesdetarde.com\/wp-content\/uploads\/2025\/05\/WhatsApp-Image-2025-05-08-at-14.52.49-300x200.jpeg 300w, https:\/\/corrientesdetarde.com\/wp-content\/uploads\/2025\/05\/WhatsApp-Image-2025-05-08-at-14.52.49-768x512.jpeg 768w, https:\/\/corrientesdetarde.com\/wp-content\/uploads\/2025\/05\/WhatsApp-Image-2025-05-08-at-14.52.49.jpeg 1280w\" sizes=\"auto, (max-width: 1024px) 100vw, 1024px\" \/><\/figure>\n\n\n\n<figure class=\"wp-block-image size-large\"><img loading=\"lazy\" decoding=\"async\" width=\"1024\" height=\"682\" src=\"https:\/\/corrientesdetarde.com\/wp-content\/uploads\/2025\/05\/WhatsApp-Image-2025-05-08-at-14.52.48-1024x682.jpeg\" alt=\"\" class=\"wp-image-206539\" srcset=\"https:\/\/corrientesdetarde.com\/wp-content\/uploads\/2025\/05\/WhatsApp-Image-2025-05-08-at-14.52.48-1024x682.jpeg 1024w, https:\/\/corrientesdetarde.com\/wp-content\/uploads\/2025\/05\/WhatsApp-Image-2025-05-08-at-14.52.48-300x200.jpeg 300w, https:\/\/corrientesdetarde.com\/wp-content\/uploads\/2025\/05\/WhatsApp-Image-2025-05-08-at-14.52.48-768x512.jpeg 768w, https:\/\/corrientesdetarde.com\/wp-content\/uploads\/2025\/05\/WhatsApp-Image-2025-05-08-at-14.52.48.jpeg 1280w\" sizes=\"auto, (max-width: 1024px) 100vw, 1024px\" \/><\/figure>\n","protected":false},"excerpt":{"rendered":"<p>En su cuarta sesi\u00f3n ordinaria la C\u00e1mara de Senadores, presidida por el vicepresidente 1ro. Henry Fick, convirti\u00f3 en ley el Proyecto remitido por la Honorable C\u00e1mara de Diputados por el&hellip; <\/p>\n","protected":false},"author":8,"featured_media":206538,"comment_status":"closed","ping_status":"open","sticky":false,"template":"","format":"standard","meta":{"footnotes":""},"categories":[26],"tags":[],"class_list":["post-206536","post","type-post","status-publish","format-standard","has-post-thumbnail","hentry","category-destacados"],"_links":{"self":[{"href":"https:\/\/corrientesdetarde.com\/index.php\/wp-json\/wp\/v2\/posts\/206536","targetHints":{"allow":["GET"]}}],"collection":[{"href":"https:\/\/corrientesdetarde.com\/index.php\/wp-json\/wp\/v2\/posts"}],"about":[{"href":"https:\/\/corrientesdetarde.com\/index.php\/wp-json\/wp\/v2\/types\/post"}],"author":[{"embeddable":true,"href":"https:\/\/corrientesdetarde.com\/index.php\/wp-json\/wp\/v2\/users\/8"}],"replies":[{"embeddable":true,"href":"https:\/\/corrientesdetarde.com\/index.php\/wp-json\/wp\/v2\/comments?post=206536"}],"version-history":[{"count":1,"href":"https:\/\/corrientesdetarde.com\/index.php\/wp-json\/wp\/v2\/posts\/206536\/revisions"}],"predecessor-version":[{"id":206540,"href":"https:\/\/corrientesdetarde.com\/index.php\/wp-json\/wp\/v2\/posts\/206536\/revisions\/206540"}],"wp:featuredmedia":[{"embeddable":true,"href":"https:\/\/corrientesdetarde.com\/index.php\/wp-json\/wp\/v2\/media\/206538"}],"wp:attachment":[{"href":"https:\/\/corrientesdetarde.com\/index.php\/wp-json\/wp\/v2\/media?parent=206536"}],"wp:term":[{"taxonomy":"category","embeddable":true,"href":"https:\/\/corrientesdetarde.com\/index.php\/wp-json\/wp\/v2\/categories?post=206536"},{"taxonomy":"post_tag","embeddable":true,"href":"https:\/\/corrientesdetarde.com\/index.php\/wp-json\/wp\/v2\/tags?post=206536"}],"curies":[{"name":"wp","href":"https:\/\/api.w.org\/{rel}","templated":true}]}}