{"id":206550,"date":"2025-05-08T15:27:29","date_gmt":"2025-05-08T18:27:29","guid":{"rendered":"https:\/\/corrientesdetarde.com\/?p=206550"},"modified":"2025-05-08T15:27:41","modified_gmt":"2025-05-08T18:27:41","slug":"javier-milei-viajara-a-roma-para-participar-de-la-misa-de-asuncion-del-papa-leon-xiv","status":"publish","type":"post","link":"https:\/\/corrientesdetarde.com\/index.php\/politica\/javier-milei-viajara-a-roma-para-participar-de-la-misa-de-asuncion-del-papa-leon-xiv\/","title":{"rendered":"Javier Milei viajar\u00e1 a Roma para participar de la misa de asunci\u00f3n del papa Le\u00f3n XIV"},"content":{"rendered":"\n<p>En la Casa Rosada felicitaron a Robert Prevost a trav\u00e9s de un comunicado oficial. Se espera que el evento de entronaci\u00f3n sea en los pr\u00f3ximos d\u00edas.<a href=\"https:\/\/tn.com.ar\/autor\/Isalerno\/\"><\/a><\/p>\n\n\n\n<p><strong>Javier Milei\u00a0viajar\u00e1 a Roma para participar de la misa de asunci\u00f3n del papa\u00a0Le\u00f3n XIV\u00a0en el Vaticano<\/strong>. En la Casa Rosada prepararon un comunicado oficial para felicitar a Robert Prevost y esperan que el evento de inauguraci\u00f3n del nuevo Sumo Pont\u00edfice se concrete entre los pr\u00f3ximos d\u00edas.<\/p>\n\n\n\n<p>En Balcarce 50&nbsp;<strong>aseguran que es probable que el jefe de Estado env\u00ede una carta al Vaticano<\/strong>&nbsp;en el corto plazo para felicitar a Le\u00f3n XIV. La expresidenta Cristina Fern\u00e1ndez de Kirchner particip\u00f3 en 2013 de la misa de asunci\u00f3n del papa Francisco, que cont\u00f3 con la presencia de 130 delegaciones de distintos pa\u00edses.<\/p>\n\n\n\n<p>En Naci\u00f3n&nbsp;<strong>esperan que el presidente tenga un lugar preferencial en la ceremonia de asunci\u00f3n por ser el representante diplom\u00e1tico del pa\u00eds del papa Francisco<\/strong>. No tienen confirmada la comitiva, pero tienen previsto que viajen junto al primer mandatario la secretaria general de la Presidencia, Karina Milei, y el secretario de Culto, Nahuel Sotelo, entre otros.<\/p>\n\n\n\n<p>El vocero presidencial,&nbsp;<strong>Manuel Adorni, confirm\u00f3 el viaje en X: \u201cEl Presidente Javier Milei asistir\u00e1 a la Solemne Ceremonia de Inauguraci\u00f3n del Pontificado de Su Santidad Le\u00f3n XIV<\/strong>&nbsp;en representaci\u00f3n de la Rep\u00fablica Argentina\u201d. El secretario de Comunicaci\u00f3n felicit\u00f3 previamente al nuevo papa y manifest\u00f3: \u201cQue su liderazgo y sabidur\u00eda nos gu\u00eden en tiempos dif\u00edciles. El mundo necesita el despertar de los leones. Dios lo bendiga y que las Fuerzas del Cielo lo acompa\u00f1en\u201d.<\/p>\n\n\n\n<figure class=\"wp-block-image\"><img decoding=\"async\" src=\"https:\/\/tn.com.ar\/resizer\/v2\/en-balcarce-50-aseguran-que-es-probable-que-el-jefe-de-estado-envie-una-carta-al-vaticano-en-el-corto-plazo-para-felicitar-a-leon-xiv-foto-reuters-436ZKBDPM5USJO2AWEHL3SOTSY.jpg?auth=939acc5143164536f3116da20c5df427fe609246ac6f49bdea247e825a4106d0&amp;width=767\" alt=\"En Balcarce 50 aseguran que es probable que el jefe de Estado env\u00ede una carta al Vaticano en el corto plazo para felicitar a Le\u00f3n XIV (Foto: Reuters).\"\/><\/figure>\n","protected":false},"excerpt":{"rendered":"<p>En la Casa Rosada felicitaron a Robert Prevost a trav\u00e9s de un comunicado oficial. Se espera que el evento de entronaci\u00f3n sea en los pr\u00f3ximos d\u00edas. Javier Milei\u00a0viajar\u00e1 a Roma&hellip; <\/p>\n","protected":false},"author":8,"featured_media":206551,"comment_status":"closed","ping_status":"open","sticky":false,"template":"","format":"standard","meta":{"footnotes":""},"categories":[3],"tags":[],"class_list":["post-206550","post","type-post","status-publish","format-standard","has-post-thumbnail","hentry","category-politica"],"_links":{"self":[{"href":"https:\/\/corrientesdetarde.com\/index.php\/wp-json\/wp\/v2\/posts\/206550","targetHints":{"allow":["GET"]}}],"collection":[{"href":"https:\/\/corrientesdetarde.com\/index.php\/wp-json\/wp\/v2\/posts"}],"about":[{"href":"https:\/\/corrientesdetarde.com\/index.php\/wp-json\/wp\/v2\/types\/post"}],"author":[{"embeddable":true,"href":"https:\/\/corrientesdetarde.com\/index.php\/wp-json\/wp\/v2\/users\/8"}],"replies":[{"embeddable":true,"href":"https:\/\/corrientesdetarde.com\/index.php\/wp-json\/wp\/v2\/comments?post=206550"}],"version-history":[{"count":1,"href":"https:\/\/corrientesdetarde.com\/index.php\/wp-json\/wp\/v2\/posts\/206550\/revisions"}],"predecessor-version":[{"id":206552,"href":"https:\/\/corrientesdetarde.com\/index.php\/wp-json\/wp\/v2\/posts\/206550\/revisions\/206552"}],"wp:featuredmedia":[{"embeddable":true,"href":"https:\/\/corrientesdetarde.com\/index.php\/wp-json\/wp\/v2\/media\/206551"}],"wp:attachment":[{"href":"https:\/\/corrientesdetarde.com\/index.php\/wp-json\/wp\/v2\/media?parent=206550"}],"wp:term":[{"taxonomy":"category","embeddable":true,"href":"https:\/\/corrientesdetarde.com\/index.php\/wp-json\/wp\/v2\/categories?post=206550"},{"taxonomy":"post_tag","embeddable":true,"href":"https:\/\/corrientesdetarde.com\/index.php\/wp-json\/wp\/v2\/tags?post=206550"}],"curies":[{"name":"wp","href":"https:\/\/api.w.org\/{rel}","templated":true}]}}