{"id":206568,"date":"2025-05-08T17:37:07","date_gmt":"2025-05-08T20:37:07","guid":{"rendered":"https:\/\/corrientesdetarde.com\/?p=206568"},"modified":"2025-05-08T17:37:10","modified_gmt":"2025-05-08T20:37:10","slug":"el-emotivo-momento-en-que-el-papa-leon-xiv-recordo-a-francisco-todavia-conservamos-su-voz-en-nuestros-oidos","status":"publish","type":"post","link":"https:\/\/corrientesdetarde.com\/index.php\/destacados\/el-emotivo-momento-en-que-el-papa-leon-xiv-recordo-a-francisco-todavia-conservamos-su-voz-en-nuestros-oidos\/","title":{"rendered":"El emotivo momento en que el papa Le\u00f3n XIV record\u00f3 a Francisco: \u201cTodav\u00eda conservamos su voz en nuestros o\u00eddos\u201d"},"content":{"rendered":"\n<p>El nuevo papa record\u00f3 al argentino en sus primeras palabras como pont\u00edfice electo ante los fieles reunidos en la Plaza San Pedro.<\/p>\n\n\n\n<p>La menci\u00f3n del nuevo papa a Francisco: &#8220;Todav\u00eda conservamos su voz en nuestros o\u00eddos&#8221;.<\/p>\n\n\n\n<p>En la cuarta votaci\u00f3n, los cardenales eligieron como\u00a0nuevo papa al estadounidense Robert Prevost\u00a0como sucesor de Francisco.<\/p>\n\n\n\n<p>Bajo el nombre Le\u00f3n XIV, el pont\u00edfice electo sali\u00f3 al balc\u00f3n a saludar a los miles de fieles que esperaban la definici\u00f3n y brind\u00f3 sus primeras palabras, donde record\u00f3 al papa Francisco con emoci\u00f3n.<\/p>\n\n\n\n<p><strong>\u201cTodav\u00eda conservamos en nuestros o\u00eddos esa voz d\u00e9bil pero siempre valiente del papa Francisco que bendec\u00eda a Roma.<\/strong>&nbsp;El papa daba su bendici\u00f3n al mundo entero esa ma\u00f1ana del d\u00eda de Pascua.&nbsp;<strong>Perm\u00edtanme darle continuidad a esa misma bendici\u00f3n<\/strong>: Dios nos ama a todos y el mal no prevalecer\u00e1\u201c, expres\u00f3.<\/p>\n\n\n\n<p>Y continu\u00f3: \u201cEstamos todos en las manos de Dios. Por lo tanto, sin miedo y unidos, vayamos adelante. Seamos disc\u00edpulos de Cristo. El mundo necesita de su luz, la humanidad necesita de \u00e9l como puente para alcanzada por Dios. Ay\u00fadenos a construir puentes con di\u00e1logo, con el encuentro, uni\u00e9ndonos para ser un solo pueblo.&nbsp;<strong>Gracias al papa Francisco<\/strong>\u201d.<\/p>\n\n\n\n<p>Luego agradeci\u00f3 a todos los cardenales que lo eligieron y se present\u00f3 ante el mundo:&nbsp;<strong>\u201cSoy un hijo de San Agust\u00edn.&nbsp;<\/strong>Soy cristiano y, para ustedes, obispo. En ese sentido, podemos caminar todos juntos hacia esa patria a la cual Dios nos ha preparado\u201d.<\/p>\n\n\n\n<p>En el cierre,&nbsp;<strong>habl\u00f3 en espa\u00f1ol y salud\u00f3 a su di\u00f3cesis en Per\u00fa:&nbsp;<\/strong>\u201cUn pueblo fiel que acompa\u00f1\u00f3 a su obispo, comparti\u00f3 su fe y dio tanto para seguir siendo una iglesia fiel de Cristo\u201d.<\/p>\n\n\n\n<h2 class=\"wp-block-heading\">Qui\u00e9n es Robert Prevost, el nuevo papa Le\u00f3n XIV<\/h2>\n\n\n\n<p>&nbsp;<strong>Robert Francis Prevost<\/strong>, nacido el 14 de septiembre de 1955 en Chicago, Illinois,&nbsp;<strong>es el nuevo Papa de la Iglesia Cat\u00f3lica<\/strong>, sucediendo a Francisco tras su fallecimiento el 21 de abril de 2025. De ra\u00edces familiares mixtas \u2014padre de ascendencia francesa e italiana, madre de origen espa\u00f1ol\u2014, Prevost es un religioso agustino con una s\u00f3lida formaci\u00f3n acad\u00e9mica y una extensa trayectoria pastoral y administrativa.<\/p>\n\n\n\n<p>Ingres\u00f3 al noviciado de la Orden de San Agust\u00edn en 1977 y&nbsp;<strong>fue ordenado sacerdote en Roma en 1982<\/strong>. Obtuvo t\u00edtulos en Ciencias Matem\u00e1ticas y Filosof\u00eda en la Universidad de Villanova, una maestr\u00eda en Divinidad en la Catholic Theological Union de Chicago y un doctorado en Derecho Can\u00f3nico en la Pontificia Universidad Santo Tom\u00e1s de Aquino (Angelicum) en Roma.<\/p>\n\n\n\n<figure class=\"wp-block-image\"><img decoding=\"async\" src=\"https:\/\/tn.com.ar\/resizer\/v2\/robert-prevost-el-nuevo-papa-eligio-el-nombre-leon-xiv-foto-reutersguglielmo-mangiapane-PFLORJRYFRFBXD2RRMDD7AWTFQ.jpg?auth=a21544625500538c9019292b61a27c1fa6896bd4b645c61ea51472190065b82b&amp;width=767\" alt=\"Robert Prevost, el nuevo papa, eligi\u00f3 el nombre Le\u00f3n XIV. (Foto: REUTERS\/Guglielmo Mangiapane.)\"\/><\/figure>\n\n\n\n<p>Su labor misionera comenz\u00f3 en Per\u00fa en 1985, donde desempe\u00f1\u00f3 funciones pastorales y formativas en Chulucanas y Trujillo. En 2014,&nbsp;<strong>el Papa Francisco lo nombr\u00f3 obispo de Chiclayo<\/strong>, cargo que ocup\u00f3 hasta 2023. Ese a\u00f1o, fue designado prefecto del Dicasterio para los Obispos y presidente de la Pontificia Comisi\u00f3n para Am\u00e9rica Latina, roles que desempe\u00f1\u00f3 hasta su elecci\u00f3n como Sumo Pont\u00edfice.<\/p>\n\n\n\n<p><strong>Prevost es pol\u00edglota: habla ingl\u00e9s, espa\u00f1ol, italiano, franc\u00e9s y portugu\u00e9s, y tiene conocimientos de lat\u00edn y alem\u00e1n.<\/strong>&nbsp;En 2015, obtuvo la nacionalidad peruana, reflejando su profundo v\u00ednculo con Am\u00e9rica Latina. Su elecci\u00f3n como Papa representa un puente entre el norte y el sur global, y se espera que su liderazgo combine tradici\u00f3n y renovaci\u00f3n en la Iglesia Cat\u00f3lica.<\/p>\n","protected":false},"excerpt":{"rendered":"<p>El nuevo papa record\u00f3 al argentino en sus primeras palabras como pont\u00edfice electo ante los fieles reunidos en la Plaza San Pedro. La menci\u00f3n del nuevo papa a Francisco: &#8220;Todav\u00eda&hellip; <\/p>\n","protected":false},"author":8,"featured_media":206569,"comment_status":"closed","ping_status":"open","sticky":false,"template":"","format":"standard","meta":{"footnotes":""},"categories":[26],"tags":[],"class_list":["post-206568","post","type-post","status-publish","format-standard","has-post-thumbnail","hentry","category-destacados"],"_links":{"self":[{"href":"https:\/\/corrientesdetarde.com\/index.php\/wp-json\/wp\/v2\/posts\/206568","targetHints":{"allow":["GET"]}}],"collection":[{"href":"https:\/\/corrientesdetarde.com\/index.php\/wp-json\/wp\/v2\/posts"}],"about":[{"href":"https:\/\/corrientesdetarde.com\/index.php\/wp-json\/wp\/v2\/types\/post"}],"author":[{"embeddable":true,"href":"https:\/\/corrientesdetarde.com\/index.php\/wp-json\/wp\/v2\/users\/8"}],"replies":[{"embeddable":true,"href":"https:\/\/corrientesdetarde.com\/index.php\/wp-json\/wp\/v2\/comments?post=206568"}],"version-history":[{"count":1,"href":"https:\/\/corrientesdetarde.com\/index.php\/wp-json\/wp\/v2\/posts\/206568\/revisions"}],"predecessor-version":[{"id":206571,"href":"https:\/\/corrientesdetarde.com\/index.php\/wp-json\/wp\/v2\/posts\/206568\/revisions\/206571"}],"wp:featuredmedia":[{"embeddable":true,"href":"https:\/\/corrientesdetarde.com\/index.php\/wp-json\/wp\/v2\/media\/206569"}],"wp:attachment":[{"href":"https:\/\/corrientesdetarde.com\/index.php\/wp-json\/wp\/v2\/media?parent=206568"}],"wp:term":[{"taxonomy":"category","embeddable":true,"href":"https:\/\/corrientesdetarde.com\/index.php\/wp-json\/wp\/v2\/categories?post=206568"},{"taxonomy":"post_tag","embeddable":true,"href":"https:\/\/corrientesdetarde.com\/index.php\/wp-json\/wp\/v2\/tags?post=206568"}],"curies":[{"name":"wp","href":"https:\/\/api.w.org\/{rel}","templated":true}]}}