{"id":206582,"date":"2025-05-08T20:28:15","date_gmt":"2025-05-08T23:28:15","guid":{"rendered":"https:\/\/corrientesdetarde.com\/?p=206582"},"modified":"2025-05-08T20:28:27","modified_gmt":"2025-05-08T23:28:27","slug":"este-viernes-9-se-realizara-la-presentacion-de-la-expo-bufalos","status":"publish","type":"post","link":"https:\/\/corrientesdetarde.com\/index.php\/actualidad\/este-viernes-9-se-realizara-la-presentacion-de-la-expo-bufalos\/","title":{"rendered":"Este viernes 9, se realizar\u00e1 la presentaci\u00f3n de la Expo B\u00fafalos"},"content":{"rendered":"\n<p>Este viernes 9 de mayo a las 9 en el Sal\u00f3n Verde de Casa de Gobierno se llevar\u00e1 a cabo la presentaci\u00f3n de la XXV Expo B\u00fafalos donde se conocer\u00e1n mayores detalles de la edici\u00f3n 2025.<\/p>\n\n\n\n<p>El evento se realizar\u00e1 los d\u00edas 13 y 14 de mayo en el predio de la Sociedad Rural de Corrientes (SRC)&nbsp;en la localidad de Riachuelo.<\/p>\n\n\n\n<figure class=\"wp-block-image size-large\"><img loading=\"lazy\" decoding=\"async\" width=\"1024\" height=\"460\" src=\"https:\/\/corrientesdetarde.com\/wp-content\/uploads\/2025\/05\/image-271-1024x460.png\" alt=\"\" class=\"wp-image-206588\" srcset=\"https:\/\/corrientesdetarde.com\/wp-content\/uploads\/2025\/05\/image-271-1024x460.png 1024w, https:\/\/corrientesdetarde.com\/wp-content\/uploads\/2025\/05\/image-271-300x135.png 300w, https:\/\/corrientesdetarde.com\/wp-content\/uploads\/2025\/05\/image-271-768x345.png 768w, https:\/\/corrientesdetarde.com\/wp-content\/uploads\/2025\/05\/image-271.png 1265w\" sizes=\"auto, (max-width: 1024px) 100vw, 1024px\" \/><\/figure>\n","protected":false},"excerpt":{"rendered":"<p>Este viernes 9 de mayo a las 9 en el Sal\u00f3n Verde de Casa de Gobierno se llevar\u00e1 a cabo la presentaci\u00f3n de la XXV Expo B\u00fafalos donde se conocer\u00e1n&hellip; <\/p>\n","protected":false},"author":4,"featured_media":206589,"comment_status":"closed","ping_status":"open","sticky":false,"template":"","format":"standard","meta":{"footnotes":""},"categories":[23],"tags":[],"class_list":["post-206582","post","type-post","status-publish","format-standard","has-post-thumbnail","hentry","category-actualidad"],"_links":{"self":[{"href":"https:\/\/corrientesdetarde.com\/index.php\/wp-json\/wp\/v2\/posts\/206582","targetHints":{"allow":["GET"]}}],"collection":[{"href":"https:\/\/corrientesdetarde.com\/index.php\/wp-json\/wp\/v2\/posts"}],"about":[{"href":"https:\/\/corrientesdetarde.com\/index.php\/wp-json\/wp\/v2\/types\/post"}],"author":[{"embeddable":true,"href":"https:\/\/corrientesdetarde.com\/index.php\/wp-json\/wp\/v2\/users\/4"}],"replies":[{"embeddable":true,"href":"https:\/\/corrientesdetarde.com\/index.php\/wp-json\/wp\/v2\/comments?post=206582"}],"version-history":[{"count":1,"href":"https:\/\/corrientesdetarde.com\/index.php\/wp-json\/wp\/v2\/posts\/206582\/revisions"}],"predecessor-version":[{"id":206590,"href":"https:\/\/corrientesdetarde.com\/index.php\/wp-json\/wp\/v2\/posts\/206582\/revisions\/206590"}],"wp:featuredmedia":[{"embeddable":true,"href":"https:\/\/corrientesdetarde.com\/index.php\/wp-json\/wp\/v2\/media\/206589"}],"wp:attachment":[{"href":"https:\/\/corrientesdetarde.com\/index.php\/wp-json\/wp\/v2\/media?parent=206582"}],"wp:term":[{"taxonomy":"category","embeddable":true,"href":"https:\/\/corrientesdetarde.com\/index.php\/wp-json\/wp\/v2\/categories?post=206582"},{"taxonomy":"post_tag","embeddable":true,"href":"https:\/\/corrientesdetarde.com\/index.php\/wp-json\/wp\/v2\/tags?post=206582"}],"curies":[{"name":"wp","href":"https:\/\/api.w.org\/{rel}","templated":true}]}}