{"id":206625,"date":"2025-05-08T22:56:56","date_gmt":"2025-05-09T01:56:56","guid":{"rendered":"https:\/\/corrientesdetarde.com\/?p=206625"},"modified":"2025-05-08T22:57:01","modified_gmt":"2025-05-09T01:57:01","slug":"el-diputado-juan-fernando-brugge-saludo-al-nuevo-papa-y-destaco-su-orientacion-social","status":"publish","type":"post","link":"https:\/\/corrientesdetarde.com\/index.php\/politica\/el-diputado-juan-fernando-brugge-saludo-al-nuevo-papa-y-destaco-su-orientacion-social\/","title":{"rendered":"EL DIPUTADO JUAN FERNANDO BR\u00dcGGE SALUD\u00d3 AL NUEVO PAPA Y DESTAC\u00d3 SU ORIENTACI\u00d3N SOCIAL"},"content":{"rendered":"\n<p>El diputado nacional por la Democracia Cristiana salud\u00f3 a la comunidad cat\u00f3lica de Argentina tras la elecci\u00f3n del nuevo pont\u00edfice. Remarc\u00f3 la sensibilidad latinoamericana del flamante Papa y su historia pastoral ligada a Per\u00fa<br>La elecci\u00f3n de Le\u00f3n XIV como nuevo Papa fue recibida con entusiasmo en todo el mundo, y en Argentina no faltaron las muestras de emoci\u00f3n. Entre las voces que se sumaron a las felicitaciones se destac\u00f3 la del diputado nacional Juan Fernando Br\u00fcgge, quien expres\u00f3 un c\u00e1lido saludo a la comunidad cat\u00f3lica del pa\u00eds y puso en valor el perfil del nuevo pont\u00edfice.<br>\u201cCelebramos con esperanza la asunci\u00f3n de Le\u00f3n XIV, un Papa profundamente comprometido con los valores de la justicia social y con una mirada muy cercana a las realidades que atraviesan los pueblos de Am\u00e9rica Latina\u201d, afirm\u00f3 Br\u00fcgge en un comunicado difundido desde su despacho en el Congreso.<br>El legislador, referente de la Democracia Cristiana, destac\u00f3 que el nuevo Papa \u2014el estadounidense Robert Francis Prevost, de 69 a\u00f1os\u2014 no es ajeno a los desaf\u00edos del continente. \u201cSu historia misionera en Per\u00fa y su experiencia pastoral en contextos de vulnerabilidad social nos dan la certeza de que sabr\u00e1 guiar a la Iglesia con sensibilidad, austeridad y convicci\u00f3n\u201d, a\u00f1adi\u00f3.<br>Prevost, quien fue elegido este jueves por la tarde en la cuarta votaci\u00f3n del c\u00f3nclave, se convirti\u00f3 en el primer pont\u00edfice norteamericano en los m\u00e1s de 2.000 a\u00f1os de historia de la Iglesia. Pero m\u00e1s all\u00e1 de su origen en Chicago, su extenso trabajo en Per\u00fa, donde lleg\u00f3 como misionero agustino en los a\u00f1os ochenta y luego fue obispo de Chiclayo, consolid\u00f3 su cercan\u00eda con Am\u00e9rica Latina.<br>\u201cEstamos ante un liderazgo pastoral que tiene mucho que aportar a los pueblos que a\u00fan luchan por dignidad, trabajo y desarrollo. Le\u00f3n XIV representa una continuidad espiritual con el Papa Francisco, pero tambi\u00e9n un nuevo impulso para los cat\u00f3licos del hemisferio sur\u201d, sostuvo Br\u00fcgge.<br>El nuevo Papa sali\u00f3 al balc\u00f3n de la Bas\u00edlica de San Pedro pasadas las 18 y ofreci\u00f3 su primera bendici\u00f3n \u201cUrbi et Orbi\u201d, con palabras de humildad y unidad. Desde distintos sectores pol\u00edticos y religiosos, se espera que Le\u00f3n XIV avance en las reformas iniciadas por su antecesor y profundice el mensaje de inclusi\u00f3n, solidaridad y compromiso con los m\u00e1s vulnerables.<br>Br\u00fcgge cerr\u00f3 su mensaje con un llamado a los argentinos a \u201cacompa\u00f1ar esta nueva etapa con fe y esperanza\u201d, y renov\u00f3 su confianza en que el nuevo pont\u00edfice ser\u00e1 \u201cuna gu\u00eda inspiradora en tiempos de profundas transformaciones\u201d.<\/p>\n","protected":false},"excerpt":{"rendered":"<p>El diputado nacional por la Democracia Cristiana salud\u00f3 a la comunidad cat\u00f3lica de Argentina tras la elecci\u00f3n del nuevo pont\u00edfice. Remarc\u00f3 la sensibilidad latinoamericana del flamante Papa y su historia&hellip; <\/p>\n","protected":false},"author":11,"featured_media":206626,"comment_status":"closed","ping_status":"open","sticky":false,"template":"","format":"standard","meta":{"footnotes":""},"categories":[3],"tags":[],"class_list":["post-206625","post","type-post","status-publish","format-standard","has-post-thumbnail","hentry","category-politica"],"_links":{"self":[{"href":"https:\/\/corrientesdetarde.com\/index.php\/wp-json\/wp\/v2\/posts\/206625","targetHints":{"allow":["GET"]}}],"collection":[{"href":"https:\/\/corrientesdetarde.com\/index.php\/wp-json\/wp\/v2\/posts"}],"about":[{"href":"https:\/\/corrientesdetarde.com\/index.php\/wp-json\/wp\/v2\/types\/post"}],"author":[{"embeddable":true,"href":"https:\/\/corrientesdetarde.com\/index.php\/wp-json\/wp\/v2\/users\/11"}],"replies":[{"embeddable":true,"href":"https:\/\/corrientesdetarde.com\/index.php\/wp-json\/wp\/v2\/comments?post=206625"}],"version-history":[{"count":1,"href":"https:\/\/corrientesdetarde.com\/index.php\/wp-json\/wp\/v2\/posts\/206625\/revisions"}],"predecessor-version":[{"id":206627,"href":"https:\/\/corrientesdetarde.com\/index.php\/wp-json\/wp\/v2\/posts\/206625\/revisions\/206627"}],"wp:featuredmedia":[{"embeddable":true,"href":"https:\/\/corrientesdetarde.com\/index.php\/wp-json\/wp\/v2\/media\/206626"}],"wp:attachment":[{"href":"https:\/\/corrientesdetarde.com\/index.php\/wp-json\/wp\/v2\/media?parent=206625"}],"wp:term":[{"taxonomy":"category","embeddable":true,"href":"https:\/\/corrientesdetarde.com\/index.php\/wp-json\/wp\/v2\/categories?post=206625"},{"taxonomy":"post_tag","embeddable":true,"href":"https:\/\/corrientesdetarde.com\/index.php\/wp-json\/wp\/v2\/tags?post=206625"}],"curies":[{"name":"wp","href":"https:\/\/api.w.org\/{rel}","templated":true}]}}