{"id":206637,"date":"2025-05-08T23:10:53","date_gmt":"2025-05-09T02:10:53","guid":{"rendered":"https:\/\/corrientesdetarde.com\/?p=206637"},"modified":"2025-05-08T23:10:56","modified_gmt":"2025-05-09T02:10:56","slug":"confirmado-cuando-es-la-gran-final-de-gran-hermano","status":"publish","type":"post","link":"https:\/\/corrientesdetarde.com\/index.php\/espectaculos\/confirmado-cuando-es-la-gran-final-de-gran-hermano\/","title":{"rendered":"Confirmado: \u00bfcu\u00e1ndo es la gran final de Gran Hermano?"},"content":{"rendered":"\n<p>Despu\u00e9s de tantas especulaciones, Santiago del Moro le comunic\u00f3 a los jugadores cu\u00e1ndo se conocer\u00e1 al ganador de esta edici\u00f3n del reality.<\/p>\n\n\n\n<p>Los participantes de Gran Hermano ya llevan cinco meses aislados y est\u00e1n compitiendo fuerte por lograr el m\u00e1ximo objetivo por el que entraron a la competencia.<\/p>\n\n\n\n<p><br>En esta oportunidad, quedan 11 jugadores en juego y se est\u00e1n enfrentando en una nueva placa positiva. Esto quiere decir que deber\u00e1n lograr conquistar al p\u00fablico para que voten por ellos, ya que el que menos apoyo reciba deber\u00e1 abandonar la casa el pr\u00f3ximo domingo.<br>&nbsp;<\/p>\n\n\n\n<p>&nbsp;<br>Cabe destacar que de esos once participantes que siguen en competencia, Juan Pablo gan\u00f3 el liderazgo de la semana y asegur\u00f3 unos d\u00edas m\u00e1s dentro de la casa y no tendr\u00e1 que enfrentarse a la placa.<\/p>\n\n\n\n<p>Por otro lado, este mi\u00e9rcoles hubo una gala especial y Santiago del Moro ingres\u00f3 a la casa para comer con los jugadores y mostrarles una segunda parte del casting que hicieron para ser elegidos.<\/p>\n\n\n\n<p>A trav\u00e9s de un congelados, el conductor de ciclo ingres\u00f3 a la casa, se dirigi\u00f3 al Sum y los recibi\u00f3 a todos con un c\u00e1lido abrazo y una rica comida para charlar y debatir todo lo que ocurri\u00f3 en las \u00faltimas semanas.<\/p>\n\n\n\n<p><strong>Cu\u00e1ndo ser\u00e1 la final de Gran Hermano<\/strong><\/p>\n\n\n\n<p><br>El otro objetivo por el que Santiago del Moro ingres\u00f3 a la casa, era para contarle a los participantes cu\u00e1ndo ser\u00e1 la fecha final de Gran Hermano y el d\u00eda que se conocer\u00e1 al ganador de esta edici\u00f3n y ya puedan ir contando los d\u00edas.<\/p>\n\n\n\n<p>A trav\u00e9s de un sobre dorado, el conductor revel\u00f3 que ser\u00e1 en invierno. Todo indicar\u00eda que ser el 23 de junio de 2025. Esto hizo que los participantes estallen de alegr\u00eda y no puedan creer lo cerca que est\u00e1n de convertirse en finalistas de este ciclo.<\/p>\n\n\n\n<p>El animador de Telefe dijo que ser\u00e1 &#8220;en los primeros d\u00edas del inverno&#8221; pero &#8220;no m\u00e1s que el 27 de junio&#8221;.<\/p>\n\n\n\n<p>Otro detalle a tener en cuenta, es que Del Moro ingres\u00f3 una valija, que deber\u00e1 permanecer cerrada hasta el \u00faltimo d\u00eda y esperar para reverla el mensaje que tiene oculto.<\/p>\n","protected":false},"excerpt":{"rendered":"<p>Despu\u00e9s de tantas especulaciones, Santiago del Moro le comunic\u00f3 a los jugadores cu\u00e1ndo se conocer\u00e1 al ganador de esta edici\u00f3n del reality. Los participantes de Gran Hermano ya llevan cinco&hellip; <\/p>\n","protected":false},"author":4,"featured_media":206638,"comment_status":"closed","ping_status":"open","sticky":false,"template":"","format":"standard","meta":{"footnotes":""},"categories":[19],"tags":[],"class_list":["post-206637","post","type-post","status-publish","format-standard","has-post-thumbnail","hentry","category-espectaculos"],"_links":{"self":[{"href":"https:\/\/corrientesdetarde.com\/index.php\/wp-json\/wp\/v2\/posts\/206637","targetHints":{"allow":["GET"]}}],"collection":[{"href":"https:\/\/corrientesdetarde.com\/index.php\/wp-json\/wp\/v2\/posts"}],"about":[{"href":"https:\/\/corrientesdetarde.com\/index.php\/wp-json\/wp\/v2\/types\/post"}],"author":[{"embeddable":true,"href":"https:\/\/corrientesdetarde.com\/index.php\/wp-json\/wp\/v2\/users\/4"}],"replies":[{"embeddable":true,"href":"https:\/\/corrientesdetarde.com\/index.php\/wp-json\/wp\/v2\/comments?post=206637"}],"version-history":[{"count":1,"href":"https:\/\/corrientesdetarde.com\/index.php\/wp-json\/wp\/v2\/posts\/206637\/revisions"}],"predecessor-version":[{"id":206639,"href":"https:\/\/corrientesdetarde.com\/index.php\/wp-json\/wp\/v2\/posts\/206637\/revisions\/206639"}],"wp:featuredmedia":[{"embeddable":true,"href":"https:\/\/corrientesdetarde.com\/index.php\/wp-json\/wp\/v2\/media\/206638"}],"wp:attachment":[{"href":"https:\/\/corrientesdetarde.com\/index.php\/wp-json\/wp\/v2\/media?parent=206637"}],"wp:term":[{"taxonomy":"category","embeddable":true,"href":"https:\/\/corrientesdetarde.com\/index.php\/wp-json\/wp\/v2\/categories?post=206637"},{"taxonomy":"post_tag","embeddable":true,"href":"https:\/\/corrientesdetarde.com\/index.php\/wp-json\/wp\/v2\/tags?post=206637"}],"curies":[{"name":"wp","href":"https:\/\/api.w.org\/{rel}","templated":true}]}}