{"id":206690,"date":"2025-05-09T10:20:32","date_gmt":"2025-05-09T13:20:32","guid":{"rendered":"https:\/\/corrientesdetarde.com\/?p=206690"},"modified":"2025-05-09T10:20:33","modified_gmt":"2025-05-09T13:20:33","slug":"el-vera-itinerante-continua-con-sus-inscripciones-abiertas","status":"publish","type":"post","link":"https:\/\/corrientesdetarde.com\/index.php\/actualidad\/el-vera-itinerante-continua-con-sus-inscripciones-abiertas\/","title":{"rendered":"El &#8220;Vera Itinerante&#8221; contin\u00faa con sus inscripciones abiertas"},"content":{"rendered":"\n<p>La tercera fecha del programa &#8220;El Vera Itinerante&#8221;, que lleva adelante el Teatro Oficial Juan de Vera, tendr\u00e1 lugar el 17 y 18 de mayo en Ituzaing\u00f3 con tres propuestas formativas dirigidas al sector cultural. Son de acceso libre y con inscripci\u00f3n previa.<\/p>\n\n\n\n<p>Organizado por el Teatro Oficial Juan de Vera, dependiente del Instituto de Cultura de Corrientes y mediante articulaci\u00f3n con la Municipalidad de Ituzaing\u00f3, el programa ofrece tres propuestas de acceso libre dirigidas a personas que se desenvuelven en el \u00e1mbito de la cultura y las artes esc\u00e9nicas. Cabe destacar que al finalizar las capacitaciones, se otorgan certificados. Las ofertas de formaci\u00f3n son las siguientes:<\/p>\n\n\n\n<h2 class=\"wp-block-heading\">Taller de Danza Contempor\u00e1nea<\/h2>\n\n\n\n<p>A cargo de Antonella Ojeda. Destinada a personas de 14 a\u00f1os en adelante con experiencia en alguna danza. Se abordar\u00e1n pr\u00e1cticas de entrenamiento y exploraci\u00f3n del movimiento. A partir de entrenamientos, secuencias de movimiento y ejercicios de improvisaci\u00f3n la propuesta invita a interrogar al cuerpo para habilitarlo como lugar de reflexi\u00f3n y reconocer la autenticidad de nuestras corporeidades.<\/p>\n\n\n\n<p>Se dictar\u00e1 en el estudio de danzas ubicado en Posadas 1912 el s\u00e1bado 17 de mayo, de 20 a 21:30, y el domingo 18 de mayo, de 11 a 12:30.<\/p>\n\n\n\n<h2 class=\"wp-block-heading\">Seminario de danzas cl\u00e1sicas<\/h2>\n\n\n\n<p>Disertante Martha Laclau. Destinado a alumnos a partir de los 13 a\u00f1os con conocimientos en danza Intermedio y avanzado.<\/p>\n\n\n\n<p>Los alumnos podr\u00e1n adquirir nuevos conocimientos y fortalecer los que ya tiene, perfeccionando su formaci\u00f3n en t\u00e9cnica cl\u00e1sica. El desarrollo de la clase se dar\u00e1 en su inicio con ejercicios en barra y luego centro, utilizando las combinaciones de pasos correspondientes en cada momento. Durante la clase se realizaran correcciones y los alumnos podr\u00e1n despejar sus dudas, incorporando nuevos conceptos y pasos que luego podr\u00e1n aplicarlos en su academia de manera diaria. Tendr\u00e1 lugar en el estudio de danzas ubicado en Posadas 1219 con dos actividades: Clase de Danza Cl\u00e1sica el s\u00e1bado 17 de mayo, de 16 a 17:30, y domingo 18 de mayo, de 9 a 10:30, y la Clase de repertorio el s\u00e1bado 17 de mayo, de 18 a 19:30.<\/p>\n\n\n\n<h2 class=\"wp-block-heading\">Clase de entrenamiento actoral<\/h2>\n\n\n\n<p>A cargo de Milton Roses, est\u00e1 dirigido a personas de 15 a\u00f1os en adelante con o sin experiencia previa. Se recomienda asistir con ropa c\u00f3moda y agua.<\/p>\n\n\n\n<p>Este espacio creativo busca brindar herramientas de actuaci\u00f3n a todos, sin importar si el participante tiene experiencia previa o si est\u00e1 realizando su primer acercamiento al mundo del teatro. A trav\u00e9s de este taller, los participantes tendr\u00e1n la oportunidad de sumergirse en un ambiente inclusivo donde la creatividad y la autoexpresi\u00f3n son fundamentales. Se dictar\u00e1 en la Secretar\u00eda de Turismo de Ituzaing\u00f3, Centenario y Pago Largo el s\u00e1bado 17, de mayo de 18 a 21, y el domingo 18 de mayo, de 9 a 12.<\/p>\n\n\n\n<p>Las personas interesadas en acceder a los talleres y clases deber\u00e1n enviar un correo a&nbsp;capacitaciones@teatrovera.com.<\/p>\n","protected":false},"excerpt":{"rendered":"<p>La tercera fecha del programa &#8220;El Vera Itinerante&#8221;, que lleva adelante el Teatro Oficial Juan de Vera, tendr\u00e1 lugar el 17 y 18 de mayo en Ituzaing\u00f3 con tres propuestas&hellip; <\/p>\n","protected":false},"author":3,"featured_media":206699,"comment_status":"closed","ping_status":"open","sticky":false,"template":"","format":"standard","meta":{"footnotes":""},"categories":[23],"tags":[],"class_list":["post-206690","post","type-post","status-publish","format-standard","has-post-thumbnail","hentry","category-actualidad"],"_links":{"self":[{"href":"https:\/\/corrientesdetarde.com\/index.php\/wp-json\/wp\/v2\/posts\/206690","targetHints":{"allow":["GET"]}}],"collection":[{"href":"https:\/\/corrientesdetarde.com\/index.php\/wp-json\/wp\/v2\/posts"}],"about":[{"href":"https:\/\/corrientesdetarde.com\/index.php\/wp-json\/wp\/v2\/types\/post"}],"author":[{"embeddable":true,"href":"https:\/\/corrientesdetarde.com\/index.php\/wp-json\/wp\/v2\/users\/3"}],"replies":[{"embeddable":true,"href":"https:\/\/corrientesdetarde.com\/index.php\/wp-json\/wp\/v2\/comments?post=206690"}],"version-history":[{"count":1,"href":"https:\/\/corrientesdetarde.com\/index.php\/wp-json\/wp\/v2\/posts\/206690\/revisions"}],"predecessor-version":[{"id":206705,"href":"https:\/\/corrientesdetarde.com\/index.php\/wp-json\/wp\/v2\/posts\/206690\/revisions\/206705"}],"wp:featuredmedia":[{"embeddable":true,"href":"https:\/\/corrientesdetarde.com\/index.php\/wp-json\/wp\/v2\/media\/206699"}],"wp:attachment":[{"href":"https:\/\/corrientesdetarde.com\/index.php\/wp-json\/wp\/v2\/media?parent=206690"}],"wp:term":[{"taxonomy":"category","embeddable":true,"href":"https:\/\/corrientesdetarde.com\/index.php\/wp-json\/wp\/v2\/categories?post=206690"},{"taxonomy":"post_tag","embeddable":true,"href":"https:\/\/corrientesdetarde.com\/index.php\/wp-json\/wp\/v2\/tags?post=206690"}],"curies":[{"name":"wp","href":"https:\/\/api.w.org\/{rel}","templated":true}]}}