{"id":206715,"date":"2025-05-09T11:06:41","date_gmt":"2025-05-09T14:06:41","guid":{"rendered":"https:\/\/corrientesdetarde.com\/?p=206715"},"modified":"2025-05-09T11:06:42","modified_gmt":"2025-05-09T14:06:42","slug":"valdes-envio-su-salutacion-al-pontifice","status":"publish","type":"post","link":"https:\/\/corrientesdetarde.com\/index.php\/politica\/valdes-envio-su-salutacion-al-pontifice\/","title":{"rendered":"Vald\u00e9s envi\u00f3 su salutaci\u00f3n al pont\u00edfice"},"content":{"rendered":"\n<p>Ayer, a pocos minutos de que el Vaticano informara que el estadounidense Robert Francis Prevost se convirti\u00f3 en el nuevo Papa, el gobernador correntino, Gustavo Vald\u00e9s, a trav\u00e9s de sus redes sociales envi\u00f3 su mensaje de salutaci\u00f3n hac\u00eda el pont\u00edfice.<\/p>\n\n\n\n<p>&#8220;Desde Corrientes, muy emocionados por la elecci\u00f3n de un nuevo Papa&#8221;, inici\u00f3 su publicaci\u00f3n el titular del Ejecutivo correntino. En ese sentido, Vald\u00e9s invoc\u00f3 su pedido a la Virgen de Itat\u00ed para que &#8220;bendiga a Le\u00f3n XIV gui\u00e1ndolo por el camino de la unidad entre los cat\u00f3licos&#8221;.<\/p>\n\n\n\n<p>A su vez, tambi\u00e9n pidi\u00f3 por &#8220;la fraternidad entre los pueblos en momentos tan convulsos en el mundo tan necesitado de paz&#8221;. De esta manera, se sum\u00f3 a las miles de manifestaciones j\u00fabilo por la designaci\u00f3n del nuevo santo padre.<\/p>\n\n\n\n<p>El estadounidense de 69 a\u00f1os escogi\u00f3 el nombre de Le\u00f3n XIV, evocando al papa Le\u00f3n XIII, una figura asociada al compromiso social y a la apertura diplom\u00e1tica en la historia reciente de la Iglesia.<\/p>\n","protected":false},"excerpt":{"rendered":"<p>Ayer, a pocos minutos de que el Vaticano informara que el estadounidense Robert Francis Prevost se convirti\u00f3 en el nuevo Papa, el gobernador correntino, Gustavo Vald\u00e9s, a trav\u00e9s de sus&hellip; <\/p>\n","protected":false},"author":3,"featured_media":206722,"comment_status":"closed","ping_status":"open","sticky":false,"template":"","format":"standard","meta":{"footnotes":""},"categories":[3],"tags":[],"class_list":["post-206715","post","type-post","status-publish","format-standard","has-post-thumbnail","hentry","category-politica"],"_links":{"self":[{"href":"https:\/\/corrientesdetarde.com\/index.php\/wp-json\/wp\/v2\/posts\/206715","targetHints":{"allow":["GET"]}}],"collection":[{"href":"https:\/\/corrientesdetarde.com\/index.php\/wp-json\/wp\/v2\/posts"}],"about":[{"href":"https:\/\/corrientesdetarde.com\/index.php\/wp-json\/wp\/v2\/types\/post"}],"author":[{"embeddable":true,"href":"https:\/\/corrientesdetarde.com\/index.php\/wp-json\/wp\/v2\/users\/3"}],"replies":[{"embeddable":true,"href":"https:\/\/corrientesdetarde.com\/index.php\/wp-json\/wp\/v2\/comments?post=206715"}],"version-history":[{"count":1,"href":"https:\/\/corrientesdetarde.com\/index.php\/wp-json\/wp\/v2\/posts\/206715\/revisions"}],"predecessor-version":[{"id":206727,"href":"https:\/\/corrientesdetarde.com\/index.php\/wp-json\/wp\/v2\/posts\/206715\/revisions\/206727"}],"wp:featuredmedia":[{"embeddable":true,"href":"https:\/\/corrientesdetarde.com\/index.php\/wp-json\/wp\/v2\/media\/206722"}],"wp:attachment":[{"href":"https:\/\/corrientesdetarde.com\/index.php\/wp-json\/wp\/v2\/media?parent=206715"}],"wp:term":[{"taxonomy":"category","embeddable":true,"href":"https:\/\/corrientesdetarde.com\/index.php\/wp-json\/wp\/v2\/categories?post=206715"},{"taxonomy":"post_tag","embeddable":true,"href":"https:\/\/corrientesdetarde.com\/index.php\/wp-json\/wp\/v2\/tags?post=206715"}],"curies":[{"name":"wp","href":"https:\/\/api.w.org\/{rel}","templated":true}]}}