{"id":206781,"date":"2025-05-09T21:18:51","date_gmt":"2025-05-10T00:18:51","guid":{"rendered":"https:\/\/corrientesdetarde.com\/?p=206781"},"modified":"2025-05-09T21:19:03","modified_gmt":"2025-05-10T00:19:03","slug":"no-se-dejen-psicopatear-con-ficha-limpia-dijo-javier-milei-de-campana-con-manuel-adorni","status":"publish","type":"post","link":"https:\/\/corrientesdetarde.com\/index.php\/politica\/no-se-dejen-psicopatear-con-ficha-limpia-dijo-javier-milei-de-campana-con-manuel-adorni\/","title":{"rendered":"&#8220;No se dejen psicopatear con Ficha Limpia&#8221;, dijo Javier Milei de campa\u00f1a con Manuel Adorni"},"content":{"rendered":"\n<h2 class=\"wp-block-heading\">Fue en la inauguraci\u00f3n de un local de La Libertad Avanza en el barrio de Belgrano.<\/h2>\n\n\n\n<p><strong>El presidente\u00a0Javier Milei<\/strong>\u00a0pidi\u00f3 a sus seguidores libertarios que &#8220;no se dejen psicopatear con la mentira de\u00a0<strong>Ficha Limpia<\/strong>&#8220;, al acompa\u00f1ar a su candidato a legislador porte\u00f1o y vocero\u00a0<strong>Manuel Adorni<\/strong>\u00a0en una recorrida de campa\u00f1a en el barrio de\u00a0<strong>Belgrano<\/strong>.<\/p>\n\n\n\n<p>&#8220;No se dejen psicopatear con la mentira de Ficha Limpia. Hace 17 a\u00f1os est\u00e1n ac\u00e1 y nunca la impulsaron&#8221;, exclam\u00f3 Milei sobre el&nbsp;<strong>PRO<\/strong>, al mostrarse con Adorni y Karina Milei en una actividad realizada en la sede de un local de&nbsp;<strong>La Libertad Avanza<\/strong>&nbsp;en la calle Lidoro Quinteros.<\/p>\n\n\n\n<p>De esa forma, el mandatario se encarg\u00f3 de mantener vivo el enfrentamiento con el PRO, que recrudeci\u00f3 en los \u00faltimos d\u00edas por la ca\u00edda del proyecto para inhabilitar a candidatos que tengan causas penales, cuando resta poco m\u00e1s de una semana para las elecciones en las que ambas fuerzas pugnan por el voto del ciudadano porte\u00f1o.<\/p>\n\n\n\n<p>&#8220;En la Ciudad no quieren bajar el gasto p\u00fablico, por ende cuando les dicen que van a bajar los impuestos, les est\u00e1n mintiendo. Cuando les dicen que quieren poner el ingreso universal, le est\u00e1n diciendo que es la agenda socialista de los fracasados y los resentidos&#8221;, embisti\u00f3 el mandatario contra el partido amarillo.<\/p>\n\n\n\n<p>En la puerta del local partidario que estaban inaugurando, agreg\u00f3 que &#8220;cuando hablan de tasas subsidiadas, es la inflaci\u00f3n que no pudieron frenar y pusieron el cepo&#8221;.<\/p>\n\n\n\n<p>&#8220;Cuando eran gobierno, ten\u00edan m\u00e1s (legisladores) que nosotros. Por lo tanto, no tomen copias baratas, no tomen a los mentirosos, a los que adem\u00e1s quieren perseguir en las redes sociales&#8221;, insisti\u00f3 refiri\u00e9ndose al&nbsp;<strong>macrismo<\/strong>.<\/p>\n\n\n\n<p>Micr\u00f3fono en mano, Milei lanz\u00f3 todos sus dardos contra el PRO y en esta oportunidad no dedic\u00f3 cr\u00edticas al candidato del&nbsp;<strong>peronismo\/kirchnerismo<\/strong>,&nbsp;<strong>Leandro Santoro<\/strong>, quien podr\u00eda quedarse con el primer puesto en las elecciones del 18 de mayo, de acuerdo a varias encuestas.<\/p>\n\n\n\n<p>Previamente dio un breve mensaje Adorni, de cara a los militantes libertarios que llevaron banderas violetas y prendieron bengalas que largaban humo de ese mismo color que identifica al partido.<\/p>\n\n\n\n<p>Debido a la concentraci\u00f3n, se debi\u00f3 desviar el tr\u00e1nsito en la zona.<\/p>\n","protected":false},"excerpt":{"rendered":"<p>Fue en la inauguraci\u00f3n de un local de La Libertad Avanza en el barrio de Belgrano. El presidente\u00a0Javier Milei\u00a0pidi\u00f3 a sus seguidores libertarios que &#8220;no se dejen psicopatear con la&hellip; <\/p>\n","protected":false},"author":4,"featured_media":206782,"comment_status":"closed","ping_status":"open","sticky":false,"template":"","format":"standard","meta":{"footnotes":""},"categories":[3],"tags":[],"class_list":["post-206781","post","type-post","status-publish","format-standard","has-post-thumbnail","hentry","category-politica"],"_links":{"self":[{"href":"https:\/\/corrientesdetarde.com\/index.php\/wp-json\/wp\/v2\/posts\/206781","targetHints":{"allow":["GET"]}}],"collection":[{"href":"https:\/\/corrientesdetarde.com\/index.php\/wp-json\/wp\/v2\/posts"}],"about":[{"href":"https:\/\/corrientesdetarde.com\/index.php\/wp-json\/wp\/v2\/types\/post"}],"author":[{"embeddable":true,"href":"https:\/\/corrientesdetarde.com\/index.php\/wp-json\/wp\/v2\/users\/4"}],"replies":[{"embeddable":true,"href":"https:\/\/corrientesdetarde.com\/index.php\/wp-json\/wp\/v2\/comments?post=206781"}],"version-history":[{"count":1,"href":"https:\/\/corrientesdetarde.com\/index.php\/wp-json\/wp\/v2\/posts\/206781\/revisions"}],"predecessor-version":[{"id":206783,"href":"https:\/\/corrientesdetarde.com\/index.php\/wp-json\/wp\/v2\/posts\/206781\/revisions\/206783"}],"wp:featuredmedia":[{"embeddable":true,"href":"https:\/\/corrientesdetarde.com\/index.php\/wp-json\/wp\/v2\/media\/206782"}],"wp:attachment":[{"href":"https:\/\/corrientesdetarde.com\/index.php\/wp-json\/wp\/v2\/media?parent=206781"}],"wp:term":[{"taxonomy":"category","embeddable":true,"href":"https:\/\/corrientesdetarde.com\/index.php\/wp-json\/wp\/v2\/categories?post=206781"},{"taxonomy":"post_tag","embeddable":true,"href":"https:\/\/corrientesdetarde.com\/index.php\/wp-json\/wp\/v2\/tags?post=206781"}],"curies":[{"name":"wp","href":"https:\/\/api.w.org\/{rel}","templated":true}]}}