{"id":206784,"date":"2025-05-09T21:20:29","date_gmt":"2025-05-10T00:20:29","guid":{"rendered":"https:\/\/corrientesdetarde.com\/?p=206784"},"modified":"2025-05-09T21:20:32","modified_gmt":"2025-05-10T00:20:32","slug":"guillermo-francos-el-gobierno-no-mando-a-voltear-ficha-limpia-y-javier-milei-no-hablo-con-rovira","status":"publish","type":"post","link":"https:\/\/corrientesdetarde.com\/index.php\/politica\/guillermo-francos-el-gobierno-no-mando-a-voltear-ficha-limpia-y-javier-milei-no-hablo-con-rovira\/","title":{"rendered":"Guillermo Francos: &#8220;El Gobierno no mand\u00f3 a voltear Ficha Limpia y Javier Milei no habl\u00f3 con Rovira&#8221;"},"content":{"rendered":"\n<h2 class=\"wp-block-heading\">&#8220;Los senadores misioneros son los que tienen que dar explicaciones&#8221;, dijo el jefe de Gabinete.<\/h2>\n\n\n\n<p>El jefe de Gabinete,\u00a0<strong>Guillermo Francos<\/strong>, se sum\u00f3 hoy al rechazo del Gobierno a las versiones que se\u00f1alaban un supuesto acuerdo entre el presidente\u00a0<strong>Javier Milei<\/strong>\u00a0y el exgobernador de Misiones\u00a0<strong>Carlos Rovira<\/strong>\u00a0para frustrar la aprobaci\u00f3n del proyecto de\u00a0<strong>Ficha Limpia<\/strong>\u00a0en el Senado.<\/p>\n\n\n\n<p><strong>Seg\u00fan supo Noticias Argentinas<\/strong>, Francos calific\u00f3 de \u201crid\u00edcula\u201d la versi\u00f3n y asegur\u00f3 que&nbsp;<strong>no existe ning\u00fan v\u00ednculo entre ambos dirigentes<\/strong>.<\/p>\n\n\n\n<p>\u201cSalen noticias que son rid\u00edculas. Como la \u00faltima que he le\u00eddo a la ma\u00f1ana, que es una operaci\u00f3n clara. Que es que el Presidente le habr\u00eda pedido a Rovira que no voten la ley. Absoluta mentira\u201d, declar\u00f3 el ministro coordinador en di\u00e1logo con&nbsp;<strong>Radio Rivadavia.<\/strong><\/p>\n\n\n\n<p>El funcionario fue m\u00e1s all\u00e1 y detall\u00f3: \u201cEl Presidente<strong>&nbsp;no tiene contacto con Rovira. Ni siquiera tiene el tel\u00e9fono<\/strong>. Se lo pregunt\u00e9 y me dijo: \u2018No habl\u00e9 nunca con Rovira. No tengo el tel\u00e9fono siquiera\u2019. Con lo cual, eso es una falsedad total\u201d.<\/p>\n\n\n\n<p>En esa l\u00ednea, el ministro coordinador hizo referencia a las notas period\u00edsticas que informaron sobre un supuesto&nbsp;<strong>contacto de Milei con Rovira en el que el Presidente&nbsp;<\/strong>le habr\u00eda pedido al dirigente misionero que los senadores de esa provincia rechazaran el proyecto.<\/p>\n\n\n\n<p>&#8220;Lo que dicen los medios que lo publicaron es que Rovira le habr\u00eda dicho a un grupo de sus seguidores pol\u00edticos que se lo pidi\u00f3 Milei. Pero<strong>&nbsp;no sale Rovira diciendo eso. Clasifiquemos las cosas, porque ac\u00e1 hay muchas operaciones<\/strong>. No nos olvidemos que este a\u00f1o hay elecciones en Misiones&#8221;, record\u00f3 Francos.<\/p>\n\n\n\n<p>Y agreg\u00f3: &#8220;Lo que me dec\u00eda el Presidente a m\u00ed es \u00b4Si yo presento un proyecto y conseguimos que se apruebe en Diputados.&nbsp;<strong>\u00bfDe qu\u00e9 me disfrazo para pedir que no se apruebe en el Senado?\u00b4. No tiene ninguna l\u00f3gica<\/strong>&#8220;, sostuvo el jefe de Gabinete, quien desminti\u00f3 &#8220;absolutamente&#8221; un contacto del jefe de Estado con el gobernador de Misiones.<\/p>\n\n\n\n<p>Al ser consultado acerca de si alg\u00fan otro funcionario del Gobierno pudo haber tenido contacto con Rovira, Francos argument\u00f3: &#8220;<strong>Ning\u00fan funcionario del gobierno de Milei podr\u00eda estar haciendo una cosa distinta a la que el Presidente dice<\/strong>&#8220;.<\/p>\n\n\n\n<p>Sobre el cambio de postura de los senadores misioneros<strong>&nbsp;Sonia Rojas Decut<\/strong>&nbsp;y<strong>&nbsp;Mario Arce<\/strong>, quienes cambiaron su voto, el funcionario del Gobierno libertario dijo que esa postura se debi\u00f3 a una &#8220;<strong>instrucci\u00f3n de la provincia<\/strong>&#8220;.<\/p>\n\n\n\n<p>&#8220;Los que tienen que dar explicaciones son ellos, no nosotros. Traicionaron lo que hab\u00edan sostenido&#8221;, cerr\u00f3 Francos.<\/p>\n\n\n\n<p>La aclaraci\u00f3n se dio en medio de las&nbsp;<strong>acusaciones cruzadas<\/strong>&nbsp;entre el oficialismo y el PRO tras la ca\u00edda del proyecto de Ficha Limpia, que fue rechazado por un voto en el Senado y no podr\u00e1 ser tratado nuevamente hasta el a\u00f1o pr\u00f3ximo.<\/p>\n","protected":false},"excerpt":{"rendered":"<p>&#8220;Los senadores misioneros son los que tienen que dar explicaciones&#8221;, dijo el jefe de Gabinete. El jefe de Gabinete,\u00a0Guillermo Francos, se sum\u00f3 hoy al rechazo del Gobierno a las versiones&hellip; <\/p>\n","protected":false},"author":4,"featured_media":206785,"comment_status":"closed","ping_status":"open","sticky":false,"template":"","format":"standard","meta":{"footnotes":""},"categories":[3],"tags":[],"class_list":["post-206784","post","type-post","status-publish","format-standard","has-post-thumbnail","hentry","category-politica"],"_links":{"self":[{"href":"https:\/\/corrientesdetarde.com\/index.php\/wp-json\/wp\/v2\/posts\/206784","targetHints":{"allow":["GET"]}}],"collection":[{"href":"https:\/\/corrientesdetarde.com\/index.php\/wp-json\/wp\/v2\/posts"}],"about":[{"href":"https:\/\/corrientesdetarde.com\/index.php\/wp-json\/wp\/v2\/types\/post"}],"author":[{"embeddable":true,"href":"https:\/\/corrientesdetarde.com\/index.php\/wp-json\/wp\/v2\/users\/4"}],"replies":[{"embeddable":true,"href":"https:\/\/corrientesdetarde.com\/index.php\/wp-json\/wp\/v2\/comments?post=206784"}],"version-history":[{"count":1,"href":"https:\/\/corrientesdetarde.com\/index.php\/wp-json\/wp\/v2\/posts\/206784\/revisions"}],"predecessor-version":[{"id":206786,"href":"https:\/\/corrientesdetarde.com\/index.php\/wp-json\/wp\/v2\/posts\/206784\/revisions\/206786"}],"wp:featuredmedia":[{"embeddable":true,"href":"https:\/\/corrientesdetarde.com\/index.php\/wp-json\/wp\/v2\/media\/206785"}],"wp:attachment":[{"href":"https:\/\/corrientesdetarde.com\/index.php\/wp-json\/wp\/v2\/media?parent=206784"}],"wp:term":[{"taxonomy":"category","embeddable":true,"href":"https:\/\/corrientesdetarde.com\/index.php\/wp-json\/wp\/v2\/categories?post=206784"},{"taxonomy":"post_tag","embeddable":true,"href":"https:\/\/corrientesdetarde.com\/index.php\/wp-json\/wp\/v2\/tags?post=206784"}],"curies":[{"name":"wp","href":"https:\/\/api.w.org\/{rel}","templated":true}]}}