{"id":206800,"date":"2025-05-09T21:37:06","date_gmt":"2025-05-10T00:37:06","guid":{"rendered":"https:\/\/corrientesdetarde.com\/?p=206800"},"modified":"2025-05-10T08:40:40","modified_gmt":"2025-05-10T11:40:40","slug":"adios-polemica-confirman-de-que-cuadro-es-hincha-el-papa-leon-xiv","status":"publish","type":"post","link":"https:\/\/corrientesdetarde.com\/index.php\/deportes\/adios-polemica-confirman-de-que-cuadro-es-hincha-el-papa-leon-xiv\/","title":{"rendered":"Adi\u00f3s pol\u00e9mica: confirman de qu\u00e9 cuadro es hincha el papa Le\u00f3n XIV"},"content":{"rendered":"\n<h2 class=\"wp-block-heading\">La religiosa Sor Margarita Flores revel\u00f3 que el pont\u00edfice es fan\u00e1tico de un club peruano.<\/h2>\n\n\n\n<p>La religiosa\u00a0<strong>Sor Margarita Flores<\/strong>, quien acompa\u00f1\u00f3 al\u00a0<strong>Papa Le\u00f3n XIV<\/strong>\u00a0en su tiempo en Per\u00fa, confirm\u00f3 que el estadounidense\u00a0<strong>Robert Prevost\u00a0<\/strong>es hincha de\u00a0<strong>Alianza Lima<\/strong>, equipo que elimin\u00f3 a\u00a0<strong>Boca\u00a0<\/strong>de la\u00a0<strong>Copa Libertadores.<\/strong><\/p>\n\n\n\n<p>En las \u00faltimas horas, las redes sociales se revolucionaron con la noticia de que el pont\u00edfice es simpatizante de uno de los clubes m\u00e1s populares de Per\u00fa y reciente verdugo del \u201cXeneize\u201d hace no m\u00e1s de tres meses.<\/p>\n\n\n\n<p>La versi\u00f3n fue dada a conocer por&nbsp;<strong>Sor Margarita<\/strong>, quien en una entrevista difundida en redes sociales, explic\u00f3 que el nuevo papa tendr\u00eda un leve fanatismo por el club \u201cBlanquiazul\u201d: \u201c<em><strong>Yo tambi\u00e9n me he enterado que es hincha de Alianza<\/strong>, yo no lo he escuchado mucho hablar, pero el padre Fidel s\u00ed&#8230; \u00e9l lo acompa\u00f1aba en todo\u201d.<\/em><\/p>\n\n\n\n<p>Adem\u00e1s, entre risas a\u00f1adi\u00f3: \u201c<em>Como hincha, yo creo que tendr\u00e1 la camiseta. La camiseta de Alianza\u201d<\/em>.<\/p>\n\n\n\n<p>La monja cerr\u00f3 sus declaraciones con una especie de bendici\u00f3n dirigida a los jugadores del club peruano:&nbsp;<strong>\u201cQue primero les d\u00e9 una bendici\u00f3n muy especial para que encaminen lo que tienen que encaminar\u201d<\/strong>.<\/p>\n\n\n\n<p>En Per\u00fa, la informaci\u00f3n gener\u00f3 un gran&nbsp;<strong>revuelo medi\u00e1tico<\/strong>&nbsp;y no faltaron quienes se\u00f1alaron que&nbsp;<strong>el periodista que entrevist\u00f3 a Sor Margarita habr\u00eda \u201cinducido\u201d sus declaraciones debido a su conocida simpat\u00eda por Alianza Lima<\/strong>.<\/p>\n\n\n\n<p>Sin embargo, m\u00e1s all\u00e1 de la pol\u00e9mica, lo cierto es que el v\u00ednculo del nuevo Papa con el pa\u00eds latino es real por lo que explicar\u00eda su cercan\u00eda cultural con los s\u00edmbolos m\u00e1s representativos del pa\u00eds, entre ellos, el f\u00fatbol.<\/p>\n\n\n\n<p>Por ahora, desde el Vaticano no ha habido confirmaci\u00f3n ni desmentida oficial sobre las afinidades futbol\u00edsticas del Papa Le\u00f3n XIV, pero&nbsp;<strong>la idea de que el l\u00edder de la Iglesia Cat\u00f3lica simpatice con Alianza Lima<\/strong>&nbsp;ya se instal\u00f3 entre los hinchas \u201cBlanquiazules\u201d.<\/p>\n","protected":false},"excerpt":{"rendered":"<p>La religiosa Sor Margarita Flores revel\u00f3 que el pont\u00edfice es fan\u00e1tico de un club peruano. La religiosa\u00a0Sor Margarita Flores, quien acompa\u00f1\u00f3 al\u00a0Papa Le\u00f3n XIV\u00a0en su tiempo en Per\u00fa, confirm\u00f3 que&hellip; <\/p>\n","protected":false},"author":4,"featured_media":206801,"comment_status":"closed","ping_status":"open","sticky":false,"template":"","format":"standard","meta":{"footnotes":""},"categories":[23,4],"tags":[],"class_list":["post-206800","post","type-post","status-publish","format-standard","has-post-thumbnail","hentry","category-actualidad","category-deportes"],"_links":{"self":[{"href":"https:\/\/corrientesdetarde.com\/index.php\/wp-json\/wp\/v2\/posts\/206800","targetHints":{"allow":["GET"]}}],"collection":[{"href":"https:\/\/corrientesdetarde.com\/index.php\/wp-json\/wp\/v2\/posts"}],"about":[{"href":"https:\/\/corrientesdetarde.com\/index.php\/wp-json\/wp\/v2\/types\/post"}],"author":[{"embeddable":true,"href":"https:\/\/corrientesdetarde.com\/index.php\/wp-json\/wp\/v2\/users\/4"}],"replies":[{"embeddable":true,"href":"https:\/\/corrientesdetarde.com\/index.php\/wp-json\/wp\/v2\/comments?post=206800"}],"version-history":[{"count":1,"href":"https:\/\/corrientesdetarde.com\/index.php\/wp-json\/wp\/v2\/posts\/206800\/revisions"}],"predecessor-version":[{"id":206802,"href":"https:\/\/corrientesdetarde.com\/index.php\/wp-json\/wp\/v2\/posts\/206800\/revisions\/206802"}],"wp:featuredmedia":[{"embeddable":true,"href":"https:\/\/corrientesdetarde.com\/index.php\/wp-json\/wp\/v2\/media\/206801"}],"wp:attachment":[{"href":"https:\/\/corrientesdetarde.com\/index.php\/wp-json\/wp\/v2\/media?parent=206800"}],"wp:term":[{"taxonomy":"category","embeddable":true,"href":"https:\/\/corrientesdetarde.com\/index.php\/wp-json\/wp\/v2\/categories?post=206800"},{"taxonomy":"post_tag","embeddable":true,"href":"https:\/\/corrientesdetarde.com\/index.php\/wp-json\/wp\/v2\/tags?post=206800"}],"curies":[{"name":"wp","href":"https:\/\/api.w.org\/{rel}","templated":true}]}}