{"id":206808,"date":"2025-05-10T08:48:13","date_gmt":"2025-05-10T11:48:13","guid":{"rendered":"https:\/\/corrientesdetarde.com\/?p=206808"},"modified":"2025-05-10T08:48:17","modified_gmt":"2025-05-10T11:48:17","slug":"detuvieron-al-ladron-que-agredio-a-nino-para-robarle-una-bicicleta","status":"publish","type":"post","link":"https:\/\/corrientesdetarde.com\/index.php\/informacion-general\/detuvieron-al-ladron-que-agredio-a-nino-para-robarle-una-bicicleta\/","title":{"rendered":"Detuvieron al ladr\u00f3n que agredi\u00f3 a ni\u00f1o para robarle una bicicleta"},"content":{"rendered":"\n<p>Despu\u00e9s de un d\u00eda y medio de b\u00fasqueda intensa, la Polic\u00eda detuvo a un ladr\u00f3n que sustrajo la bicicleta a un chico de nueve a\u00f1os a quien agredi\u00f3 en una calle de la zona sur de la capital provincial.<\/p>\n\n\n\n<p>El malhechor rondaba una plaza del barrio Ongay, detr\u00e1s de la terminal de \u00f3mnibus, cuando no pudo escapar a un despliegue sorpresa que realizaron efectivos del Grupo de Respuesta Inmediata Motorizada 5 y de la comisar\u00eda seccional Decimoquinta.<\/p>\n\n\n\n<p>Alexander Ram\u00f3n R., de 24 a\u00f1os, alias &#8220;Pala&#8221;, est\u00e1 sindicado como autor del il\u00edcito cometido en el barrio San Roque Oeste.<\/p>\n\n\n\n<p>El joven aparece en filmaciones de c\u00e1maras de seguridad cuando caminaba a pocos metros del escenario del robo y en el instante que fugaba sobre una bicicleta marca Bic Enrique MTB verde fl\u00faor.<\/p>\n\n\n\n<p>De acuerdo a la informaci\u00f3n suministrada ayer, el menor circulaba sobre el rodado cerca de su domicilio, a plena luz del d\u00eda, y un malhechor se cruz\u00f3 repentinamente en su camino.<\/p>\n\n\n\n<p>Sin mediar palabra alguna el asaltante agarr\u00f3 de un brazo al chico, lo arroj\u00f3 de forma violenta contra el suelo y sustrajo la bicicleta, con la cual escap\u00f3 en direcci\u00f3n a la avenida Maip\u00fa.<\/p>\n\n\n<div class=\"wp-block-image\">\n<figure class=\"aligncenter\"><img decoding=\"async\" src=\"https:\/\/www.diarioepoca.com\/content\/bucket\/3\/1428523w380h378c.jpg.webp\" alt=\"\"\/><figcaption class=\"wp-element-caption\">EL DELINCUENTE MIENTRAS ESCAPABA TRAS EL ROBO.<\/figcaption><\/figure>\n<\/div>\n\n\n<p>La denuncia penal de robo fue asentada por el padre de la peque\u00f1a v\u00edctima. As\u00ed comenz\u00f3 la pesquisa en la que pudieron identificar al sospechoso gracias a filmaciones de c\u00e1maras de seguridad privadas.<\/p>\n\n\n\n<p>Al d\u00eda siguiente, alias &#8220;Pala&#8221; merodeaba el paseo p\u00fablico situado a pocos metros de la estaci\u00f3n de micros y sin saber que era buscado result\u00f3 detenido.<\/p>\n\n\n\n<p>Mediante una cuenta en la red social a nombre de un tal &#8220;Manu&#8221; publicaron dos fotos de la bicicleta robada. La intenci\u00f3n era conseguir alg\u00fan comprador que pagara los 170 mil pesos solicitados en la oferta.<\/p>\n\n\n\n<p>Ese segundo sujeto ser\u00eda quien el jueves a la noche abandon\u00f3 la bicicleta en cercan\u00edas a la terminal.<\/p>\n\n\n\n<p>De acuerdo a lo informado por la Polic\u00eda, el sospechoso no acat\u00f3 la orden de frenar y despu\u00e9s de escapar un trecho sobre la bicicleta luego la dej\u00f3 tirada mientras corr\u00eda hacia calles del barrio Ongay.<\/p>\n\n\n\n<figure class=\"wp-block-image size-full\"><img decoding=\"async\" src=\"https:\/\/corrientesdetarde.com\/wp-content\/uploads\/2025\/05\/image-283.png\" alt=\"\" class=\"wp-image-206817\"\/><\/figure>\n\n\n\n<p><\/p>\n","protected":false},"excerpt":{"rendered":"<p>Despu\u00e9s de un d\u00eda y medio de b\u00fasqueda intensa, la Polic\u00eda detuvo a un ladr\u00f3n que sustrajo la bicicleta a un chico de nueve a\u00f1os a quien agredi\u00f3 en una&hellip; <\/p>\n","protected":false},"author":1,"featured_media":206817,"comment_status":"closed","ping_status":"open","sticky":false,"template":"","format":"standard","meta":{"footnotes":""},"categories":[1],"tags":[],"class_list":["post-206808","post","type-post","status-publish","format-standard","has-post-thumbnail","hentry","category-informacion-general"],"_links":{"self":[{"href":"https:\/\/corrientesdetarde.com\/index.php\/wp-json\/wp\/v2\/posts\/206808","targetHints":{"allow":["GET"]}}],"collection":[{"href":"https:\/\/corrientesdetarde.com\/index.php\/wp-json\/wp\/v2\/posts"}],"about":[{"href":"https:\/\/corrientesdetarde.com\/index.php\/wp-json\/wp\/v2\/types\/post"}],"author":[{"embeddable":true,"href":"https:\/\/corrientesdetarde.com\/index.php\/wp-json\/wp\/v2\/users\/1"}],"replies":[{"embeddable":true,"href":"https:\/\/corrientesdetarde.com\/index.php\/wp-json\/wp\/v2\/comments?post=206808"}],"version-history":[{"count":1,"href":"https:\/\/corrientesdetarde.com\/index.php\/wp-json\/wp\/v2\/posts\/206808\/revisions"}],"predecessor-version":[{"id":206818,"href":"https:\/\/corrientesdetarde.com\/index.php\/wp-json\/wp\/v2\/posts\/206808\/revisions\/206818"}],"wp:featuredmedia":[{"embeddable":true,"href":"https:\/\/corrientesdetarde.com\/index.php\/wp-json\/wp\/v2\/media\/206817"}],"wp:attachment":[{"href":"https:\/\/corrientesdetarde.com\/index.php\/wp-json\/wp\/v2\/media?parent=206808"}],"wp:term":[{"taxonomy":"category","embeddable":true,"href":"https:\/\/corrientesdetarde.com\/index.php\/wp-json\/wp\/v2\/categories?post=206808"},{"taxonomy":"post_tag","embeddable":true,"href":"https:\/\/corrientesdetarde.com\/index.php\/wp-json\/wp\/v2\/tags?post=206808"}],"curies":[{"name":"wp","href":"https:\/\/api.w.org\/{rel}","templated":true}]}}