{"id":206809,"date":"2025-05-10T08:43:52","date_gmt":"2025-05-10T11:43:52","guid":{"rendered":"https:\/\/corrientesdetarde.com\/?p=206809"},"modified":"2025-05-10T08:44:08","modified_gmt":"2025-05-10T11:44:08","slug":"avanza-la-obra-energetica-en-el-nacional-y-prometen-reponer-el-lapacho-que-talaron","status":"publish","type":"post","link":"https:\/\/corrientesdetarde.com\/index.php\/informacion-general\/avanza-la-obra-energetica-en-el-nacional-y-prometen-reponer-el-lapacho-que-talaron\/","title":{"rendered":"Avanza la obra energ\u00e9tica en el Nacional y prometen reponer el lapacho que talaron"},"content":{"rendered":"\n<p>En las \u00faltimas semanas comenzaron con la instalaci\u00f3n de una subestaci\u00f3n transformadora en el Colegio Nacional &#8220;General San Mart\u00edn&#8221; de la ciudad de Corrientes, una obra clave para garantizar el suministro el\u00e9ctrico del edificio durante los meses de calor. La intervenci\u00f3n gener\u00f3 algunas cr\u00edticas por parte del Centro de Estudiantes, especialmente tras la tala de un lapacho, aunque&nbsp;<strong>desde la Subsecretar\u00eda de Infraestructura aseguraron que el \u00e1rbol ser\u00e1 replantado en un sitio adecuado.<\/strong><\/p>\n\n\n\n<p><strong>Emilio Bread, subsecretario de Infraestructura Escolar de la provincia, explic\u00f3 <\/strong>que la obra fue planificada el a\u00f1o pasado, pero ante cuestionamientos y dudas decidieron postergarla.<\/p>\n\n\n\n<p>\u201cEl 25 de febrero hicimos una charla y convocamos a los docentes, tutores para que &nbsp;ellos puedan evacuar sus dudas con los t\u00e9cnicos, ingenieros, arquitectos y fueron pocas personas, pero recorrimos el lugar, establecimos los alcances de la obra y les explicamos. No estaba el centro de estudiantes porque la reuni\u00f3n se hizo antes de que comiencen las clases\u201d, explic\u00f3 Bread.&nbsp;<\/p>\n\n\n\n<p><strong>La instalaci\u00f3n del Setin (subestaci\u00f3n transformadora interna) se realiza exclusivamente para abastecer al establecimiento, dada la gran demanda energ\u00e9tica que requiere por su dimensi\u00f3n y la cantidad de aires acondicionados.<\/strong><\/p>\n\n\n\n<p>\u201cLa cantidad de metros cuadrados y la cantidad de aires acondicionados que tiene el establecimiento hace que sea necesario un suministro de energ\u00eda que garantice el funcionamiento. Para esto hay que instalar un Setin\u201d, agreg\u00f3 el subsecretario de Infraestructura Escolar.&nbsp;<\/p>\n\n\n\n<p>Frente a los planteos sobre por qu\u00e9 no se opt\u00f3 por una instalaci\u00f3n subterr\u00e1nea, el funcionario respondi\u00f3 que esa alternativa hubiese duplicado los costos, implicado mayores desaf\u00edos t\u00e9cnicos por las napas y requerido un sistema permanente de bombeo y ventilaci\u00f3n forzada.<\/p>\n\n\n\n<p><strong>\u201cLa otra opci\u00f3n era hacerlo en la esquina de la plaza donde est\u00e1 La Tarag\u00fc\u00ed, que tambi\u00e9n no era viable porque hab\u00eda que tirar 100 metros de cable subterr\u00e1neo, volver a tirar otros 100 metros m\u00e1s e instalarlo en la plaza. Entonces, lo que decimos fue hacer una instalaci\u00f3n exclusivamente para el colegio. Esta inversi\u00f3n es para que solamente el colegio Nacional tenga luz, no es para &nbsp;ning\u00fan otro edificio\u201d, agreg\u00f3 Bread.&nbsp;<\/strong><\/p>\n\n\n\n<p>Asimismo, descart\u00f3 preocupaciones sobre posibles riesgos para la salud.<strong>\u201cNo genera emisiones electromagn\u00e9ticas o nocivas, porque es totalmente mentira. Tampoco tiene refrigerante PCB, que era cancer\u00edgeno, eso no existe m\u00e1s, no hay ning\u00fan transformador que tenga eso porque se reemplazaron\u201d, subray\u00f3<\/strong>.<\/p>\n\n\n\n<p><strong>Respecto a la remoci\u00f3n del \u00e1rbol, Bread asegur\u00f3 que no es un ejemplar centenario y que ser\u00e1 reemplazado: \u201cLa \u00fanica afectaci\u00f3n a la manzana entera del colegio Nacional es el retiro de un arbolito de lapacho, que se lo va a reponer en un lugar que no afecte ni a la instalaci\u00f3n ni al edificio. No era un \u00e1rbol centenario\u201d<\/strong><\/p>\n\n\n\n<p>La obra forma parte de un plan integral de mejoras en el Nacional. En 2023 se realizaron intervenciones en los ba\u00f1os y durante 2024 se renov\u00f3 la instalaci\u00f3n el\u00e9ctrica interna. Se estima que el Setin estar\u00e1 operativo en un plazo de tres meses, con el objetivo de estar listo antes del verano.<\/p>\n\n\n\n<p>&nbsp;\u201cSi no lo hacemos ahora, en octubre o noviembre podr\u00edamos tener serios problemas con el suministro el\u00e9ctrico\u201d, cerr\u00f3 Bread.<\/p>\n\n\n\n<p><\/p>\n","protected":false},"excerpt":{"rendered":"<p>En las \u00faltimas semanas comenzaron con la instalaci\u00f3n de una subestaci\u00f3n transformadora en el Colegio Nacional &#8220;General San Mart\u00edn&#8221; de la ciudad de Corrientes, una obra clave para garantizar el&hellip; <\/p>\n","protected":false},"author":1,"featured_media":206812,"comment_status":"closed","ping_status":"open","sticky":false,"template":"","format":"standard","meta":{"footnotes":""},"categories":[1,8],"tags":[],"class_list":["post-206809","post","type-post","status-publish","format-standard","has-post-thumbnail","hentry","category-informacion-general","category-locales"],"_links":{"self":[{"href":"https:\/\/corrientesdetarde.com\/index.php\/wp-json\/wp\/v2\/posts\/206809","targetHints":{"allow":["GET"]}}],"collection":[{"href":"https:\/\/corrientesdetarde.com\/index.php\/wp-json\/wp\/v2\/posts"}],"about":[{"href":"https:\/\/corrientesdetarde.com\/index.php\/wp-json\/wp\/v2\/types\/post"}],"author":[{"embeddable":true,"href":"https:\/\/corrientesdetarde.com\/index.php\/wp-json\/wp\/v2\/users\/1"}],"replies":[{"embeddable":true,"href":"https:\/\/corrientesdetarde.com\/index.php\/wp-json\/wp\/v2\/comments?post=206809"}],"version-history":[{"count":1,"href":"https:\/\/corrientesdetarde.com\/index.php\/wp-json\/wp\/v2\/posts\/206809\/revisions"}],"predecessor-version":[{"id":206813,"href":"https:\/\/corrientesdetarde.com\/index.php\/wp-json\/wp\/v2\/posts\/206809\/revisions\/206813"}],"wp:featuredmedia":[{"embeddable":true,"href":"https:\/\/corrientesdetarde.com\/index.php\/wp-json\/wp\/v2\/media\/206812"}],"wp:attachment":[{"href":"https:\/\/corrientesdetarde.com\/index.php\/wp-json\/wp\/v2\/media?parent=206809"}],"wp:term":[{"taxonomy":"category","embeddable":true,"href":"https:\/\/corrientesdetarde.com\/index.php\/wp-json\/wp\/v2\/categories?post=206809"},{"taxonomy":"post_tag","embeddable":true,"href":"https:\/\/corrientesdetarde.com\/index.php\/wp-json\/wp\/v2\/tags?post=206809"}],"curies":[{"name":"wp","href":"https:\/\/api.w.org\/{rel}","templated":true}]}}