{"id":206814,"date":"2025-05-10T08:45:37","date_gmt":"2025-05-10T11:45:37","guid":{"rendered":"https:\/\/corrientesdetarde.com\/?p=206814"},"modified":"2025-05-10T08:45:41","modified_gmt":"2025-05-10T11:45:41","slug":"la-provincia-fortalece-el-acceso-al-certificado-unico-de-discapacidad","status":"publish","type":"post","link":"https:\/\/corrientesdetarde.com\/index.php\/bienestar-y-salud\/la-provincia-fortalece-el-acceso-al-certificado-unico-de-discapacidad\/","title":{"rendered":"La Provincia fortalece el acceso al Certificado \u00danico de Discapacidad"},"content":{"rendered":"\n<p><em>La Direcci\u00f3n de Atenci\u00f3n a la Discapacidad, trabaja junto a los municipios para facilitar la entrega del CUD a las personas que lo requieran.<\/em>\u00a0<\/p>\n\n\n\n<p><\/p>\n\n\n\n<p>El Ministerio de Salud P\u00fablica a cargo de Ricardo Cardozo, a trav\u00e9s de la Direcci\u00f3n de Atenci\u00f3n a la Discapacidad, realiza reuniones para acercar el Certificado \u00danico de Discapacidad (CUD) a las personas que lo requieran. Es as\u00ed que, desde el \u00e1rea, coordinan capacitaciones con municipios para ampliar la llegada a los futuros destinarios.&nbsp;<br>\u201cRealizamos una reuni\u00f3n en la Direcci\u00f3n que responde a las actividades que se desarrollan a trav\u00e9s de la Junta Itinerante a cargo de Ramiro Ledezma. Estas \u00faltimas, son las que hacen posible las evaluaciones de manera presencial en las distintas localidades y, la entrega del Certificado \u00danico de Discapacidad\u201d, explic\u00f3 la directora de Atenci\u00f3n a la Discapacidad,&nbsp;<strong>Mirta Mendoza<\/strong>.&nbsp;<br>Esta semana, la articulaci\u00f3n fue con la intendente de Mariano I. Loza, Zulema Fern\u00e1ndez, y su equipo de trabajo.&nbsp;<br>\u201cContinuamos con la premisa de nuestro ministro de Salud, Ricardo Cardozo, de llegar a las personas que necesitan acceder al CUD. Eliminando todas las barreras posibles, en consonancia con los lineamientos impartidos por el gobernador, Gustavo Vald\u00e9s\u201d, sostuvo.<br>Actualmente, hay m\u00e1s de 33 mil personas que cuentan con este certificado en Corrientes.&nbsp;<br>El CUD es un documento p\u00fablico que certifica la discapacidad de la persona respecto a las \u00e1reas intelectual y mental, visual, motora, auditiva, respiratoria, cardiovascular, renal urol\u00f3gica y\/o digestivo\/hep\u00e1tica y le permite acceder a derechos y prestaciones que brinda el Estado. Tiene validez en todo el pa\u00eds y su tramitaci\u00f3n es voluntaria y gratuita.<br>Actualmente, la Direcci\u00f3n de Atenci\u00f3n a la Discapacidad cuenta con 9 juntas que funcionan en los Hospitales de: Curuz\u00fa Cuati\u00e1, Goya, Ituzaing\u00f3, Mercedes, Monte Caseros, Bella Vista, Paso de los Libres y Santo Tom\u00e9. En la ciudad de Corrientes, en 9 de Julio 1041.<\/p>\n","protected":false},"excerpt":{"rendered":"<p>La Direcci\u00f3n de Atenci\u00f3n a la Discapacidad, trabaja junto a los municipios para facilitar la entrega del CUD a las personas que lo requieran.\u00a0 El Ministerio de Salud P\u00fablica a&hellip; <\/p>\n","protected":false},"author":1,"featured_media":206815,"comment_status":"closed","ping_status":"open","sticky":false,"template":"","format":"standard","meta":{"footnotes":""},"categories":[16,26],"tags":[],"class_list":["post-206814","post","type-post","status-publish","format-standard","has-post-thumbnail","hentry","category-bienestar-y-salud","category-destacados"],"_links":{"self":[{"href":"https:\/\/corrientesdetarde.com\/index.php\/wp-json\/wp\/v2\/posts\/206814","targetHints":{"allow":["GET"]}}],"collection":[{"href":"https:\/\/corrientesdetarde.com\/index.php\/wp-json\/wp\/v2\/posts"}],"about":[{"href":"https:\/\/corrientesdetarde.com\/index.php\/wp-json\/wp\/v2\/types\/post"}],"author":[{"embeddable":true,"href":"https:\/\/corrientesdetarde.com\/index.php\/wp-json\/wp\/v2\/users\/1"}],"replies":[{"embeddable":true,"href":"https:\/\/corrientesdetarde.com\/index.php\/wp-json\/wp\/v2\/comments?post=206814"}],"version-history":[{"count":1,"href":"https:\/\/corrientesdetarde.com\/index.php\/wp-json\/wp\/v2\/posts\/206814\/revisions"}],"predecessor-version":[{"id":206816,"href":"https:\/\/corrientesdetarde.com\/index.php\/wp-json\/wp\/v2\/posts\/206814\/revisions\/206816"}],"wp:featuredmedia":[{"embeddable":true,"href":"https:\/\/corrientesdetarde.com\/index.php\/wp-json\/wp\/v2\/media\/206815"}],"wp:attachment":[{"href":"https:\/\/corrientesdetarde.com\/index.php\/wp-json\/wp\/v2\/media?parent=206814"}],"wp:term":[{"taxonomy":"category","embeddable":true,"href":"https:\/\/corrientesdetarde.com\/index.php\/wp-json\/wp\/v2\/categories?post=206814"},{"taxonomy":"post_tag","embeddable":true,"href":"https:\/\/corrientesdetarde.com\/index.php\/wp-json\/wp\/v2\/tags?post=206814"}],"curies":[{"name":"wp","href":"https:\/\/api.w.org\/{rel}","templated":true}]}}