{"id":207071,"date":"2025-05-12T09:09:46","date_gmt":"2025-05-12T12:09:46","guid":{"rendered":"https:\/\/corrientesdetarde.com\/?p=207071"},"modified":"2025-05-12T09:09:49","modified_gmt":"2025-05-12T12:09:49","slug":"hallaron-sin-vida-a-un-hombre-que-era-buscado-en-santa-rosa","status":"publish","type":"post","link":"https:\/\/corrientesdetarde.com\/index.php\/actualidad\/hallaron-sin-vida-a-un-hombre-que-era-buscado-en-santa-rosa\/","title":{"rendered":"Hallaron sin vida a un hombre que era buscado en Santa Rosa"},"content":{"rendered":"\n<p>El cuerpo fue encontrado en un campo cercano a su domicilio, en el establecimiento rural conocido como Villita (ex Villa Adelaida), y presentaba signos de haber sido alcanzado por el fuego. Seg\u00fan informaron las autoridades, familiares pudieron reconocerlo en el lugar, aunque igualmente la Justicia orden\u00f3 el traslado del cuerpo a la ciudad de Corrientes para la realizaci\u00f3n de una autopsia m\u00e9dico-legal que determine con precisi\u00f3n la causa del fallecimiento.<\/p>\n\n\n\n<p>Una testigo declar\u00f3 que hab\u00eda tenido contacto con el se\u00f1or Cerd\u00e1n horas antes y que \u00e9l se despidi\u00f3 entreg\u00e1ndole caramelos, lo que lleva a la Fiscal\u00eda a considerar la hip\u00f3tesis de un suicidio como l\u00ednea inicial de investigaci\u00f3n.<\/p>\n\n\n\n<p>En el operativo de hallazgo trabajaron el fiscal Dr. Carlos Daniel Lezcano, el licenciado Beloqui, la m\u00e9dica forense Dra. Alegra, el director de la Unidad Regional Comisario Orrego, el subcomisario Molina, y bomberos de Santa Rosa, a cargo de Arnol Serv\u00edn.<\/p>\n\n\n\n<figure class=\"wp-block-image size-full\"><img loading=\"lazy\" decoding=\"async\" width=\"380\" height=\"285\" src=\"https:\/\/corrientesdetarde.com\/wp-content\/uploads\/2025\/05\/image-351.png\" alt=\"\" class=\"wp-image-207096\" srcset=\"https:\/\/corrientesdetarde.com\/wp-content\/uploads\/2025\/05\/image-351.png 380w, https:\/\/corrientesdetarde.com\/wp-content\/uploads\/2025\/05\/image-351-300x225.png 300w\" sizes=\"auto, (max-width: 380px) 100vw, 380px\" \/><\/figure>\n","protected":false},"excerpt":{"rendered":"<p>El cuerpo fue encontrado en un campo cercano a su domicilio, en el establecimiento rural conocido como Villita (ex Villa Adelaida), y presentaba signos de haber sido alcanzado por el&hellip; <\/p>\n","protected":false},"author":1,"featured_media":207097,"comment_status":"closed","ping_status":"open","sticky":false,"template":"","format":"standard","meta":{"footnotes":""},"categories":[23,33],"tags":[],"class_list":["post-207071","post","type-post","status-publish","format-standard","has-post-thumbnail","hentry","category-actualidad","category-policiales"],"_links":{"self":[{"href":"https:\/\/corrientesdetarde.com\/index.php\/wp-json\/wp\/v2\/posts\/207071","targetHints":{"allow":["GET"]}}],"collection":[{"href":"https:\/\/corrientesdetarde.com\/index.php\/wp-json\/wp\/v2\/posts"}],"about":[{"href":"https:\/\/corrientesdetarde.com\/index.php\/wp-json\/wp\/v2\/types\/post"}],"author":[{"embeddable":true,"href":"https:\/\/corrientesdetarde.com\/index.php\/wp-json\/wp\/v2\/users\/1"}],"replies":[{"embeddable":true,"href":"https:\/\/corrientesdetarde.com\/index.php\/wp-json\/wp\/v2\/comments?post=207071"}],"version-history":[{"count":1,"href":"https:\/\/corrientesdetarde.com\/index.php\/wp-json\/wp\/v2\/posts\/207071\/revisions"}],"predecessor-version":[{"id":207098,"href":"https:\/\/corrientesdetarde.com\/index.php\/wp-json\/wp\/v2\/posts\/207071\/revisions\/207098"}],"wp:featuredmedia":[{"embeddable":true,"href":"https:\/\/corrientesdetarde.com\/index.php\/wp-json\/wp\/v2\/media\/207097"}],"wp:attachment":[{"href":"https:\/\/corrientesdetarde.com\/index.php\/wp-json\/wp\/v2\/media?parent=207071"}],"wp:term":[{"taxonomy":"category","embeddable":true,"href":"https:\/\/corrientesdetarde.com\/index.php\/wp-json\/wp\/v2\/categories?post=207071"},{"taxonomy":"post_tag","embeddable":true,"href":"https:\/\/corrientesdetarde.com\/index.php\/wp-json\/wp\/v2\/tags?post=207071"}],"curies":[{"name":"wp","href":"https:\/\/api.w.org\/{rel}","templated":true}]}}