{"id":207072,"date":"2025-05-12T08:07:47","date_gmt":"2025-05-12T11:07:47","guid":{"rendered":"https:\/\/corrientesdetarde.com\/?p=207072"},"modified":"2025-05-12T08:07:50","modified_gmt":"2025-05-12T11:07:50","slug":"valdes-lanzara-apoyo-para-emprendedores-y-presentara-a-la-nueva-ministra-de-ciencia-y-tecnologia","status":"publish","type":"post","link":"https:\/\/corrientesdetarde.com\/index.php\/sociales\/valdes-lanzara-apoyo-para-emprendedores-y-presentara-a-la-nueva-ministra-de-ciencia-y-tecnologia\/","title":{"rendered":"Vald\u00e9s lanzar\u00e1 apoyo para emprendedores y presentar\u00e1 a la nueva ministra de Ciencia y Tecnolog\u00eda"},"content":{"rendered":"\n<p>El gobernador Gustavo Vald\u00e9s encabezar\u00e1, este lunes 12, dos importantes actos en el Sal\u00f3n Amarillo de Casa de Gobierno.<\/p>\n\n\n\n<p>El primero ser\u00e1 a las 10, donde el mandatario realizar\u00e1 el lanzamiento de nuevas l\u00edneas de apoyo financiero orientadas al desarrollo de emprendimientos correntinos. Esta iniciativa busca impulsar y fortalecer el sector, brindando oportunidades para generar crecimiento econ\u00f3mico y puestos de trabajo en la provincia.<\/p>\n\n\n\n<p>Posteriormente, a las 11, el gobernador presidir\u00e1 el acto de toma de juramento de la nueva ministra de Ciencia y Tecnolog\u00eda de la Provincia: la escribana Natalia Romero. De esta manera, se formalizar\u00e1 el ingreso de Romero al Gabinete provincial.<\/p>\n","protected":false},"excerpt":{"rendered":"<p>El gobernador Gustavo Vald\u00e9s encabezar\u00e1, este lunes 12, dos importantes actos en el Sal\u00f3n Amarillo de Casa de Gobierno. El primero ser\u00e1 a las 10, donde el mandatario realizar\u00e1 el&hellip; <\/p>\n","protected":false},"author":1,"featured_media":207080,"comment_status":"closed","ping_status":"open","sticky":false,"template":"","format":"standard","meta":{"footnotes":""},"categories":[22,17,24],"tags":[],"class_list":["post-207072","post","type-post","status-publish","format-standard","has-post-thumbnail","hentry","category-eventos","category-sociales","category-tecnologia"],"_links":{"self":[{"href":"https:\/\/corrientesdetarde.com\/index.php\/wp-json\/wp\/v2\/posts\/207072","targetHints":{"allow":["GET"]}}],"collection":[{"href":"https:\/\/corrientesdetarde.com\/index.php\/wp-json\/wp\/v2\/posts"}],"about":[{"href":"https:\/\/corrientesdetarde.com\/index.php\/wp-json\/wp\/v2\/types\/post"}],"author":[{"embeddable":true,"href":"https:\/\/corrientesdetarde.com\/index.php\/wp-json\/wp\/v2\/users\/1"}],"replies":[{"embeddable":true,"href":"https:\/\/corrientesdetarde.com\/index.php\/wp-json\/wp\/v2\/comments?post=207072"}],"version-history":[{"count":1,"href":"https:\/\/corrientesdetarde.com\/index.php\/wp-json\/wp\/v2\/posts\/207072\/revisions"}],"predecessor-version":[{"id":207081,"href":"https:\/\/corrientesdetarde.com\/index.php\/wp-json\/wp\/v2\/posts\/207072\/revisions\/207081"}],"wp:featuredmedia":[{"embeddable":true,"href":"https:\/\/corrientesdetarde.com\/index.php\/wp-json\/wp\/v2\/media\/207080"}],"wp:attachment":[{"href":"https:\/\/corrientesdetarde.com\/index.php\/wp-json\/wp\/v2\/media?parent=207072"}],"wp:term":[{"taxonomy":"category","embeddable":true,"href":"https:\/\/corrientesdetarde.com\/index.php\/wp-json\/wp\/v2\/categories?post=207072"},{"taxonomy":"post_tag","embeddable":true,"href":"https:\/\/corrientesdetarde.com\/index.php\/wp-json\/wp\/v2\/tags?post=207072"}],"curies":[{"name":"wp","href":"https:\/\/api.w.org\/{rel}","templated":true}]}}