{"id":207087,"date":"2025-05-12T08:20:09","date_gmt":"2025-05-12T11:20:09","guid":{"rendered":"https:\/\/corrientesdetarde.com\/?p=207087"},"modified":"2025-05-12T08:20:12","modified_gmt":"2025-05-12T11:20:12","slug":"paso-de-los-libres-intento-de-motin-con-heridos-en-la-alcaidia","status":"publish","type":"post","link":"https:\/\/corrientesdetarde.com\/index.php\/locales\/paso-de-los-libres-intento-de-motin-con-heridos-en-la-alcaidia\/","title":{"rendered":"Paso de los Libres: Intento de mot\u00edn con heridos en la alcaid\u00eda"},"content":{"rendered":"\n<p>Un grupo de internos protagoniz\u00f3 ayer por la ma\u00f1ana un violento mot\u00edn en el interior de la alcaid\u00eda de la Unidad Regional N\u00b0IV de la ciudad fronteriza de Paso de los Libres y si bien fue contenido en poco m\u00e1s de media hora, dej\u00f3 algunos da\u00f1os y efectivos lesionados. Hay al menos tres presos que ser\u00e1n reubicados en otras dependencias y una investigaci\u00f3n judicial en marcha, informaron fuentes locales.<\/p>\n\n\n\n<p>El violento incidente se inici\u00f3 en la madrugada del domingo e involucr\u00f3 a un pu\u00f1ado de detenidos recientes, alojados en una de las celdas de la dependencia situada en el casco c\u00e9ntrico de la ciudad.<\/p>\n\n\n\n<p>Lo que empez\u00f3 con algunos gritos e insultos, escal\u00f3 r\u00e1pidamente en un principio de mot\u00edn, que oblig\u00f3 a los grupos especiales de Polic\u00eda a actuar r\u00e1pido para evitar mayores da\u00f1os. Al menos tres internos que hab\u00edan ingresado hace poco tiempo a aquella unidad de detenci\u00f3n, se parapetaron con armas tumberas y algunas &#8220;chuzas&#8221; en su celda; incluso hab\u00edan incendiado sus propios colchones en reclamo por su situaci\u00f3n procesal.<\/p>\n\n\n\n<p>Seg\u00fan se pudo establecer, a los tres sujetos con pesados prontuarios criminales por robos y otros tipos de delitos y procesos penales abiertos en ese mismo contexto, habr\u00edan sido notificados recientemente de la decisi\u00f3n de la Justicia del dictado de prisi\u00f3n preventiva por varios meses a cada uno y esto, indicaron los voceros, fue lo que habr\u00eda desencadenado la furia y un plan p\u00e9simamente elaborado de los reos, de intentar un levantamiento masivo en la alcaid\u00eda y al que la Polic\u00eda puso fin r\u00e1pidamente.<\/p>\n\n\n\n<p>Poco menos de una hora antes de haber iniciado los incidentes, el levantamiento de los detenidos fue sofocado.<\/p>\n\n\n\n<p>Hubo mucha resistencia y \u00e1nimos bastante caldeados muros adentro de la unidad. Los efectivos intentaron negociar con los detenidos para que cedan en su comportamiento, pero todo fue infructuoso, hasta que lleg\u00f3 la orden de actuar.<\/p>\n\n\n\n<p>Las fuerzas del orden debieron utilizar gas lacrim\u00f3geno y balas de gomas para hacer retroceder a los presos, no sin que hubiera previamente consecuencias para algunos efectivos que se hallaban de guarida y que terminaron lesionados.<\/p>\n\n\n\n<p>Si bien nadie sali\u00f3 a explicar qu\u00e9 sucedi\u00f3 o porqu\u00e9 raz\u00f3n ocurrieron los disturbios, la Justicia inici\u00f3 de oficio una investigaci\u00f3n para determinar los pormenores del incidente que afortunadamente no dej\u00f3 v\u00edctimas.<\/p>\n\n\n\n<p>La Unidad Fiscal de Investigaciones Concretas de Paso de los Libres abri\u00f3 una causa por &#8220;atentado a la autoridad, lesiones y da\u00f1os&#8221;.<\/p>\n\n\n\n<p>Anoche, fuentes allegadas a la Polic\u00eda de la provincia confirmaron que los tres principales responsables del levantamiento ser\u00edan trasladados a otras dependencias, pero no se descarta que otros reos tambi\u00e9n sigan el mismo camino para evitar otros intentos de motines m\u00e1s.<\/p>\n","protected":false},"excerpt":{"rendered":"<p>Un grupo de internos protagoniz\u00f3 ayer por la ma\u00f1ana un violento mot\u00edn en el interior de la alcaid\u00eda de la Unidad Regional N\u00b0IV de la ciudad fronteriza de Paso de&hellip; <\/p>\n","protected":false},"author":1,"featured_media":141853,"comment_status":"closed","ping_status":"open","sticky":false,"template":"","format":"standard","meta":{"footnotes":""},"categories":[8],"tags":[],"class_list":["post-207087","post","type-post","status-publish","format-standard","has-post-thumbnail","hentry","category-locales"],"_links":{"self":[{"href":"https:\/\/corrientesdetarde.com\/index.php\/wp-json\/wp\/v2\/posts\/207087","targetHints":{"allow":["GET"]}}],"collection":[{"href":"https:\/\/corrientesdetarde.com\/index.php\/wp-json\/wp\/v2\/posts"}],"about":[{"href":"https:\/\/corrientesdetarde.com\/index.php\/wp-json\/wp\/v2\/types\/post"}],"author":[{"embeddable":true,"href":"https:\/\/corrientesdetarde.com\/index.php\/wp-json\/wp\/v2\/users\/1"}],"replies":[{"embeddable":true,"href":"https:\/\/corrientesdetarde.com\/index.php\/wp-json\/wp\/v2\/comments?post=207087"}],"version-history":[{"count":1,"href":"https:\/\/corrientesdetarde.com\/index.php\/wp-json\/wp\/v2\/posts\/207087\/revisions"}],"predecessor-version":[{"id":207088,"href":"https:\/\/corrientesdetarde.com\/index.php\/wp-json\/wp\/v2\/posts\/207087\/revisions\/207088"}],"wp:featuredmedia":[{"embeddable":true,"href":"https:\/\/corrientesdetarde.com\/index.php\/wp-json\/wp\/v2\/media\/141853"}],"wp:attachment":[{"href":"https:\/\/corrientesdetarde.com\/index.php\/wp-json\/wp\/v2\/media?parent=207087"}],"wp:term":[{"taxonomy":"category","embeddable":true,"href":"https:\/\/corrientesdetarde.com\/index.php\/wp-json\/wp\/v2\/categories?post=207087"},{"taxonomy":"post_tag","embeddable":true,"href":"https:\/\/corrientesdetarde.com\/index.php\/wp-json\/wp\/v2\/tags?post=207087"}],"curies":[{"name":"wp","href":"https:\/\/api.w.org\/{rel}","templated":true}]}}