{"id":207089,"date":"2025-05-12T09:06:23","date_gmt":"2025-05-12T12:06:23","guid":{"rendered":"https:\/\/corrientesdetarde.com\/?p=207089"},"modified":"2025-05-12T09:07:02","modified_gmt":"2025-05-12T12:07:02","slug":"ciclo-escritores-correntinos-presentacion-del-libro-lo-que-vive-tras-la-piel-una-mirada-profunda-sobre-la-ansiedad","status":"publish","type":"post","link":"https:\/\/corrientesdetarde.com\/index.php\/cultura\/ciclo-escritores-correntinos-presentacion-del-libro-lo-que-vive-tras-la-piel-una-mirada-profunda-sobre-la-ansiedad\/","title":{"rendered":"Ciclo Escritores Correntinos: Presentaci\u00f3n del libro &#8220;Lo que vive tras la piel&#8221;, una mirada profunda sobre la ansiedad"},"content":{"rendered":"\n<p><\/p>\n\n\n\n<p>El pr\u00f3ximo martes 13, a las 19 horas, se presentar\u00e1 en la Biblioteca de la Legislatura el libro Lo que vive tras la piel, del licenciado en Psicolog\u00eda Roberto Nicol\u00e1s Miranda. La actividad se realizar\u00e1 en el marco del Ciclo Escritores Correntinos, una iniciativa con el auspicio de la Vicegobernaci\u00f3n y la coordinaci\u00f3n de la profesora Silvia Pozo.<\/p>\n\n\n\n<p>La obra, centrada en la ansiedad, propone una aproximaci\u00f3n tanto cl\u00ednica como emp\u00e1tica a esta compleja condici\u00f3n. Con un estilo accesible y profundo, Miranda analiza sus m\u00faltiples manifestaciones y ofrece herramientas pr\u00e1cticas para su comprensi\u00f3n y abordaje.<\/p>\n\n\n\n<p>La presentaci\u00f3n est\u00e1 abierta al p\u00fablico y ser\u00e1 una oportunidad para reflexionar sobre la salud mental desde una perspectiva profesional y sensible.<\/p>\n\n\n\n<figure class=\"wp-block-image size-large\"><img decoding=\"async\" src=\"https:\/\/corrientesdetarde.com\/wp-content\/uploads\/2025\/05\/Imagen-de-WhatsApp-2025-05-12-a-las-08.58.12_2024f585-1024x467.jpg\" alt=\"\" class=\"wp-image-207094\"\/><\/figure>\n\n\n<div class=\"wp-block-image\">\n<figure class=\"aligncenter size-full\"><img loading=\"lazy\" decoding=\"async\" width=\"321\" height=\"395\" src=\"https:\/\/corrientesdetarde.com\/wp-content\/uploads\/2025\/05\/Imagen-de-WhatsApp-2025-05-12-a-las-08.58.12_aa4e892d.jpg\" alt=\"\" class=\"wp-image-207093\" srcset=\"https:\/\/corrientesdetarde.com\/wp-content\/uploads\/2025\/05\/Imagen-de-WhatsApp-2025-05-12-a-las-08.58.12_aa4e892d.jpg 321w, https:\/\/corrientesdetarde.com\/wp-content\/uploads\/2025\/05\/Imagen-de-WhatsApp-2025-05-12-a-las-08.58.12_aa4e892d-244x300.jpg 244w\" sizes=\"auto, (max-width: 321px) 100vw, 321px\" \/><\/figure>\n<\/div>","protected":false},"excerpt":{"rendered":"<p>El pr\u00f3ximo martes 13, a las 19 horas, se presentar\u00e1 en la Biblioteca de la Legislatura el libro Lo que vive tras la piel, del licenciado en Psicolog\u00eda Roberto Nicol\u00e1s&hellip; <\/p>\n","protected":false},"author":1,"featured_media":207094,"comment_status":"closed","ping_status":"open","sticky":false,"template":"","format":"standard","meta":{"footnotes":""},"categories":[15,22],"tags":[],"class_list":["post-207089","post","type-post","status-publish","format-standard","has-post-thumbnail","hentry","category-cultura","category-eventos"],"_links":{"self":[{"href":"https:\/\/corrientesdetarde.com\/index.php\/wp-json\/wp\/v2\/posts\/207089","targetHints":{"allow":["GET"]}}],"collection":[{"href":"https:\/\/corrientesdetarde.com\/index.php\/wp-json\/wp\/v2\/posts"}],"about":[{"href":"https:\/\/corrientesdetarde.com\/index.php\/wp-json\/wp\/v2\/types\/post"}],"author":[{"embeddable":true,"href":"https:\/\/corrientesdetarde.com\/index.php\/wp-json\/wp\/v2\/users\/1"}],"replies":[{"embeddable":true,"href":"https:\/\/corrientesdetarde.com\/index.php\/wp-json\/wp\/v2\/comments?post=207089"}],"version-history":[{"count":1,"href":"https:\/\/corrientesdetarde.com\/index.php\/wp-json\/wp\/v2\/posts\/207089\/revisions"}],"predecessor-version":[{"id":207095,"href":"https:\/\/corrientesdetarde.com\/index.php\/wp-json\/wp\/v2\/posts\/207089\/revisions\/207095"}],"wp:featuredmedia":[{"embeddable":true,"href":"https:\/\/corrientesdetarde.com\/index.php\/wp-json\/wp\/v2\/media\/207094"}],"wp:attachment":[{"href":"https:\/\/corrientesdetarde.com\/index.php\/wp-json\/wp\/v2\/media?parent=207089"}],"wp:term":[{"taxonomy":"category","embeddable":true,"href":"https:\/\/corrientesdetarde.com\/index.php\/wp-json\/wp\/v2\/categories?post=207089"},{"taxonomy":"post_tag","embeddable":true,"href":"https:\/\/corrientesdetarde.com\/index.php\/wp-json\/wp\/v2\/tags?post=207089"}],"curies":[{"name":"wp","href":"https:\/\/api.w.org\/{rel}","templated":true}]}}