{"id":207090,"date":"2025-05-12T08:02:55","date_gmt":"2025-05-12T11:02:55","guid":{"rendered":"https:\/\/corrientesdetarde.com\/?p=207090"},"modified":"2025-05-12T10:31:32","modified_gmt":"2025-05-12T13:31:32","slug":"oficialismos-reforzados-peronismo-en-retroceso-y-libertarios-en-busca-de-identidad-claves-del-superdomingo-electoral","status":"publish","type":"post","link":"https:\/\/corrientesdetarde.com\/index.php\/politica\/oficialismos-reforzados-peronismo-en-retroceso-y-libertarios-en-busca-de-identidad-claves-del-superdomingo-electoral\/","title":{"rendered":"OFICIALISMOS REFORZADOS, PERONISMO EN RETROCESO Y LIBERTARIOS EN BUSCA DE IDENTIDAD: CLAVES DEL SUPERDOMINGO ELECTORAL"},"content":{"rendered":"\n<p>(Corresponsal\u00eda Buenos Aires) &#8211; El calendario electoral 2025 arranc\u00f3 con se\u00f1ales potentes desde el interior del pa\u00eds. Salta, Jujuy, Chaco y San Luis celebraron elecciones legislativas provinciales y dejaron una postal pol\u00edtica con varias claves para analizar. En t\u00e9rminos generales, los oficialismos provinciales se impusieron con comodidad, mientras que el peronismo volvi\u00f3 a retroceder a niveles hist\u00f3ricos y La Libertad Avanza mostr\u00f3 crecimiento, pero con limitaciones notorias.<\/p>\n\n\n\n<h3 class=\"wp-block-heading\">Ganaron los oficialismos<\/h3>\n\n\n\n<p>Uno de los datos m\u00e1s consistentes de la jornada fue la consolidaci\u00f3n de los gobiernos provinciales en el poder legislativo. En Salta, el gobernador Gustavo S\u00e1enz se alz\u00f3 con una amplia mayor\u00eda en ambas c\u00e1maras, reflejo de una maquinaria territorial que sigue vigente. En Jujuy, Adriano Morone lider\u00f3 el frente oficialista Jujuy Crece y se impuso con el 38,54% de los votos. Claudio Poggi tambi\u00e9n logr\u00f3 revalidar su gesti\u00f3n en San Luis, con el 47,25%, mientras que en Chaco, el radical Leandro Zdero se impuso con una alianza que incluy\u00f3 a La Libertad Avanza.<\/p>\n\n\n\n<p>En todos los casos, el mensaje fue claro: la continuidad y el control territorial pesan m\u00e1s que los discursos nacionales. En medio de una oposici\u00f3n fragmentada y con escasa articulaci\u00f3n, los oficialismos capitalizaron estructuras s\u00f3lidas y revalidaron liderazgos locales. La gran inc\u00f3gnita es si esa l\u00f3gica se puede extrapolar al escenario nacional.<\/p>\n\n\n\n<h3 class=\"wp-block-heading\">La Libertad Avanza: avance con l\u00edmites<\/h3>\n\n\n\n<p>El fen\u00f3meno libertario sigue marcando presencia, pero con contrastes. El partido de Javier Milei consigui\u00f3 resultados significativos en ciertos enclaves urbanos, como la capital salte\u00f1a, donde fue la fuerza m\u00e1s votada. En Jujuy qued\u00f3 segundo con el 20,58% y en Chaco particip\u00f3 como parte del frente ganador junto a la UCR.<\/p>\n\n\n\n<p>Sin embargo, los libertarios mostraron debilidades estructurales: en San Luis se presentaron divididos en dos listas que no alcanzaron los 10 puntos cada una. La fragmentaci\u00f3n interna y la dependencia de alianzas locales evidencian una fuerza en crecimiento pero a\u00fan sin musculatura suficiente para imponerse por s\u00ed sola a nivel nacional. Karina Milei contin\u00faa siendo la arquitecta principal, pero su liderazgo enfrenta tensiones internas y falta de cohesi\u00f3n territorial.<\/p>\n\n\n\n<h3 class=\"wp-block-heading\">El peronismo, en su peor momento<\/h3>\n\n\n\n<p>Lo del PJ fue una debacle. Derrotado en las cuatro provincias, no solo perdi\u00f3 poder sino que mostr\u00f3 una desconexi\u00f3n alarmante con los votantes. En Chaco, Jorge Capitanich fue superado por la alianza radical-libertaria. En Salta y Jujuy qued\u00f3 relegado al tercer y cuarto lugar, y en San Luis, el tradicional basti\u00f3n de los Rodr\u00edguez Sa\u00e1, sufri\u00f3 una ca\u00edda estrepitosa.<\/p>\n\n\n\n<p>La crisis del peronismo se traduce en varios planos: fragmentaci\u00f3n interna, falta de renovaci\u00f3n dirigencial y p\u00e9rdida de narrativa. Ya no parece ser el veh\u00edculo natural del malestar social ni del voto opositor. Lo que antes era un movimiento con vocaci\u00f3n de mayor\u00eda, hoy parece un espacio atrapado en su propio laberinto.<\/p>\n\n\n\n<h3 class=\"wp-block-heading\">Internas y ausentismo: luces amarillas para todos<\/h3>\n\n\n\n<p>Otro fen\u00f3meno alarmante fue el bajo nivel de participaci\u00f3n electoral. En Chaco vot\u00f3 apenas el 52% del padr\u00f3n, 14 puntos menos que en 2021. San Luis tuvo una merma de 12,5 puntos; Jujuy, 5,5; y Salta, 5. El polit\u00f3logo Pablo Salinas advirti\u00f3: \u201cEl desinter\u00e9s ciudadano empieza a ser un patr\u00f3n com\u00fan m\u00e1s all\u00e1 de lo local\u201d.<\/p>\n\n\n\n<p>La Libertad Avanza tambi\u00e9n deber\u00e1 prestar atenci\u00f3n a sus tensiones internas. En San Luis, la falta de unidad los dej\u00f3 fuera del mapa. La ausencia de una conducci\u00f3n pol\u00edtica clara \u2014Javier Milei se niega a ejercerla\u2014 podr\u00eda socavar su crecimiento en un a\u00f1o clave.<\/p>\n\n\n\n<h3 class=\"wp-block-heading\">Conclusi\u00f3n<\/h3>\n\n\n\n<p>El superdomingo dej\u00f3 varias certezas: los oficialismos provinciales est\u00e1n firmes, el peronismo atraviesa una crisis profunda y los libertarios a\u00fan dependen del viento a favor del clima nacional y de las alianzas territoriales. Mientras tanto, el ausentismo crece y marca una distancia preocupante entre la ciudadan\u00eda y la pol\u00edtica.<\/p>\n\n\n\n<p>Las provincias ya hablaron. Ahora, la mirada est\u00e1 puesta en c\u00f3mo responder\u00e1n los actores nacionales ante estos mensajes. \u00bfAprender\u00e1n de lo ocurrido? \u00bfO volver\u00e1n a tropezar con las mismas piedras?<\/p>\n","protected":false},"excerpt":{"rendered":"<p>(Corresponsal\u00eda Buenos Aires) &#8211; El calendario electoral 2025 arranc\u00f3 con se\u00f1ales potentes desde el interior del pa\u00eds. Salta, Jujuy, Chaco y San Luis celebraron elecciones legislativas provinciales y dejaron una&hellip; <\/p>\n","protected":false},"author":11,"featured_media":207091,"comment_status":"closed","ping_status":"open","sticky":false,"template":"","format":"standard","meta":{"footnotes":""},"categories":[26,3],"tags":[],"class_list":["post-207090","post","type-post","status-publish","format-standard","has-post-thumbnail","hentry","category-destacados","category-politica"],"_links":{"self":[{"href":"https:\/\/corrientesdetarde.com\/index.php\/wp-json\/wp\/v2\/posts\/207090","targetHints":{"allow":["GET"]}}],"collection":[{"href":"https:\/\/corrientesdetarde.com\/index.php\/wp-json\/wp\/v2\/posts"}],"about":[{"href":"https:\/\/corrientesdetarde.com\/index.php\/wp-json\/wp\/v2\/types\/post"}],"author":[{"embeddable":true,"href":"https:\/\/corrientesdetarde.com\/index.php\/wp-json\/wp\/v2\/users\/11"}],"replies":[{"embeddable":true,"href":"https:\/\/corrientesdetarde.com\/index.php\/wp-json\/wp\/v2\/comments?post=207090"}],"version-history":[{"count":1,"href":"https:\/\/corrientesdetarde.com\/index.php\/wp-json\/wp\/v2\/posts\/207090\/revisions"}],"predecessor-version":[{"id":207092,"href":"https:\/\/corrientesdetarde.com\/index.php\/wp-json\/wp\/v2\/posts\/207090\/revisions\/207092"}],"wp:featuredmedia":[{"embeddable":true,"href":"https:\/\/corrientesdetarde.com\/index.php\/wp-json\/wp\/v2\/media\/207091"}],"wp:attachment":[{"href":"https:\/\/corrientesdetarde.com\/index.php\/wp-json\/wp\/v2\/media?parent=207090"}],"wp:term":[{"taxonomy":"category","embeddable":true,"href":"https:\/\/corrientesdetarde.com\/index.php\/wp-json\/wp\/v2\/categories?post=207090"},{"taxonomy":"post_tag","embeddable":true,"href":"https:\/\/corrientesdetarde.com\/index.php\/wp-json\/wp\/v2\/tags?post=207090"}],"curies":[{"name":"wp","href":"https:\/\/api.w.org\/{rel}","templated":true}]}}