{"id":207164,"date":"2025-05-12T14:27:31","date_gmt":"2025-05-12T17:27:31","guid":{"rendered":"https:\/\/corrientesdetarde.com\/?p=207164"},"modified":"2025-05-12T14:27:36","modified_gmt":"2025-05-12T17:27:36","slug":"bullrich-le-entrego-a-ee-uu-una-lista-con-mas-de-15-mil-barras-que-no-podran-viajar-al-mundial-de-clubes","status":"publish","type":"post","link":"https:\/\/corrientesdetarde.com\/index.php\/politica\/bullrich-le-entrego-a-ee-uu-una-lista-con-mas-de-15-mil-barras-que-no-podran-viajar-al-mundial-de-clubes\/","title":{"rendered":"Bullrich le entreg\u00f3 a EE.UU. una lista con m\u00e1s de 15 mil barras que no podr\u00e1n viajar al Mundial de Clubes"},"content":{"rendered":"\n<p>En el anuncio a la prensa, la ministra de Seguridad estuvo acompa\u00f1ada por Karina Milei y Manuel Adorni, candidato de La Libertad Avanza en la Ciudad.<\/p>\n\n\n\n<p>La Ministra de Seguridad Nacional,\u00a0Patricia Bullrich, con la Secretaria General de la Presidencia,\u00a0Karina Milei, el Vocero Presidencial, Manuel Adorno junto al Director de Seguridad en Eventos Deportivos,\u00a0<strong>Franco Berlin<\/strong>, y la encargada de negocios de los Estados Unidos en la Argentina,\u00a0<strong>Abigail Dressel<\/strong>, anunciaron en una conferencia de prensa la cesi\u00f3n de informaci\u00f3n del programa\u00a0<strong>Tribuna Segura<\/strong>\u00a0al gobierno estadounidense, con motivo de la realizaci\u00f3n del\u00a0<strong>Mundial de Clubes FIFA 2025<\/strong>.<\/p>\n\n\n\n<p>\u201c<strong>Ning\u00fan violento va a poder entrar en este Mundial de futbol que se juega en Estados Unidos. Este registro tiene m\u00e1s de 15 mil personas<\/strong>\u201d, explic\u00f3 Bullrich.<\/p>\n\n\n\n<figure class=\"wp-block-image\"><img decoding=\"async\" src=\"https:\/\/tn.com.ar\/resizer\/v2\/la-ministra-le-entrego-a-ee-uu-una-lista-con-mas-de-15-mil-barras-que-no-podran-viajar-al-mundial-de-clubes-foto-twitter-patobullrich-7OR52BBTOFFHRNUCNBZ3CQB364.png?auth=dbdc01b273102f792c2cbae056abad6b6a77ab2c972d73315fa16d42be0af3c7&amp;width=767\" alt=\"La Ministra le entreg\u00f3 a EE.\u00a0UU. una lista con m\u00e1s de 15 mil barras que no podr\u00e1n viajar al Mundial de Clubes. (Foto: Twitter \/PatoBullrich)\"\/><\/figure>\n\n\n\n<h2 class=\"wp-block-heading\">\u201cSe controlaron m\u00e1s de 4 millones de espectadores\u201d<\/h2>\n\n\n\n<p>En ese sentido, Bullrich destac\u00f3: \u201c<strong>En lo que va de 2024 se controlaron 1.328 partidos, un 111 % m\u00e1s que en 2023 en cuanto a personas con derecho de admisi\u00f3n<\/strong>\u201d.<\/p>\n\n\n\n<p>La ministra remarc\u00f3 el trabajo preventivo y la articulaci\u00f3n entre las fuerzas de seguridad y las autoridades deportivas para evitar el ingreso de individuos violentos a los estadios.<\/p>\n\n\n\n<p>Adem\u00e1s, a\u00f1adi\u00f3: \u201c<strong>Detectamos a 6.000 personas que intentaron entrar a la cancha y no pod\u00edan hacerlo porque ya registraban antecedentes de violencia<\/strong>. Hay 1.166 personas con pedido de captura. Hemos labrado m\u00e1s de 400 resoluciones administrativas y, este a\u00f1o, controlamos a m\u00e1s de 4 millones de espectadores\u201d.<\/p>\n\n\n\n<h2 class=\"wp-block-heading\">Boca y River ya tienen fechas y sedes confirmadas en el Mundial de Clubes 2025<\/h2>\n\n\n\n<p>La\u00a0<strong>Federaci\u00f3n Internacional de F\u00fatbol (FIFA)<\/strong>\u00a0revel\u00f3 el cronograma oficial del <strong>Mundial de Clubes 2025<\/strong>, que se disputar\u00e1 desde el s\u00e1bado 14 de junio hasta el domingo 13 de julio.<\/p>\n\n\n\n<p>El primero de los equipos argentinos que har\u00e1 su estreno en la competencia ser\u00e1&nbsp;<strong>Boca<\/strong>, el lunes 16 de junio, a las 20 horas de Argentina, ante&nbsp;<strong>Benfica<\/strong>; mientras que&nbsp;<strong>River&nbsp;<\/strong>har\u00e1 lo propio al d\u00eda siguiente, desde las 17, frente a&nbsp;<strong>Urawa Red Diamonds<\/strong>.<\/p>\n\n\n\n<p><\/p>\n","protected":false},"excerpt":{"rendered":"<p>En el anuncio a la prensa, la ministra de Seguridad estuvo acompa\u00f1ada por Karina Milei y Manuel Adorni, candidato de La Libertad Avanza en la Ciudad. La Ministra de Seguridad&hellip; <\/p>\n","protected":false},"author":8,"featured_media":207165,"comment_status":"closed","ping_status":"open","sticky":false,"template":"","format":"standard","meta":{"footnotes":""},"categories":[3],"tags":[],"class_list":["post-207164","post","type-post","status-publish","format-standard","has-post-thumbnail","hentry","category-politica"],"_links":{"self":[{"href":"https:\/\/corrientesdetarde.com\/index.php\/wp-json\/wp\/v2\/posts\/207164","targetHints":{"allow":["GET"]}}],"collection":[{"href":"https:\/\/corrientesdetarde.com\/index.php\/wp-json\/wp\/v2\/posts"}],"about":[{"href":"https:\/\/corrientesdetarde.com\/index.php\/wp-json\/wp\/v2\/types\/post"}],"author":[{"embeddable":true,"href":"https:\/\/corrientesdetarde.com\/index.php\/wp-json\/wp\/v2\/users\/8"}],"replies":[{"embeddable":true,"href":"https:\/\/corrientesdetarde.com\/index.php\/wp-json\/wp\/v2\/comments?post=207164"}],"version-history":[{"count":1,"href":"https:\/\/corrientesdetarde.com\/index.php\/wp-json\/wp\/v2\/posts\/207164\/revisions"}],"predecessor-version":[{"id":207166,"href":"https:\/\/corrientesdetarde.com\/index.php\/wp-json\/wp\/v2\/posts\/207164\/revisions\/207166"}],"wp:featuredmedia":[{"embeddable":true,"href":"https:\/\/corrientesdetarde.com\/index.php\/wp-json\/wp\/v2\/media\/207165"}],"wp:attachment":[{"href":"https:\/\/corrientesdetarde.com\/index.php\/wp-json\/wp\/v2\/media?parent=207164"}],"wp:term":[{"taxonomy":"category","embeddable":true,"href":"https:\/\/corrientesdetarde.com\/index.php\/wp-json\/wp\/v2\/categories?post=207164"},{"taxonomy":"post_tag","embeddable":true,"href":"https:\/\/corrientesdetarde.com\/index.php\/wp-json\/wp\/v2\/tags?post=207164"}],"curies":[{"name":"wp","href":"https:\/\/api.w.org\/{rel}","templated":true}]}}