{"id":207167,"date":"2025-05-12T14:30:42","date_gmt":"2025-05-12T17:30:42","guid":{"rendered":"https:\/\/corrientesdetarde.com\/?p=207167"},"modified":"2025-05-12T14:30:53","modified_gmt":"2025-05-12T17:30:53","slug":"bajo-presion-de-trump-volodimir-zelenski-acepto-reunirse-con-vladimir-putin-pero-exigio-un-alto-el-fuego","status":"publish","type":"post","link":"https:\/\/corrientesdetarde.com\/index.php\/internacionales\/bajo-presion-de-trump-volodimir-zelenski-acepto-reunirse-con-vladimir-putin-pero-exigio-un-alto-el-fuego\/","title":{"rendered":"Bajo presi\u00f3n de Trump, Volodimir Zelenski acept\u00f3 reunirse con Vladimir Putin, pero exigi\u00f3 un alto el fuego"},"content":{"rendered":"\n<p>El presidente ruso le propuso realizar este jueves una cumbre en Estambul.<\/p>\n\n\n\n<p>El presidente ucraniano,&nbsp;<strong>Volodimir Zelenski<\/strong>, se declaro dispuesto a reunirse con su par ruso&nbsp;<strong>Vladimir Putin<\/strong>&nbsp;el pr\u00f3ximo jueves en Estambul, pero condicion\u00f3 la cumbre a un&nbsp;<strong>cese el fuego<\/strong>&nbsp;verificable a partir de este lunes para emprender el camino diplom\u00e1tico.<\/p>\n\n\n\n<p>\u201cEsperamos un cese el fuego pleno y verificable a partir de ma\u00f1ana 12 de mayo para que haya base suficiente para la diplomacia. No tiene sentido prolongar los asesinatos. Y&nbsp;<strong>espero a Putin el jueves en Estambul<\/strong>. Tengo la esperanza de que Rusia no est\u00e9 buscando excusas\u201d, dijo en su cuenta de X.<\/p>\n\n\n\n<p>El mensaje de Zelenski se produjo despu\u00e9s de que el presidente de Estados Unidos,&nbsp;<strong>Donald Trump<\/strong>, le pidi\u00f3 a Ucrania aceptar la propuesta de Putin de iniciar conversaciones en Estambul.<\/p>\n\n\n\n<h2 class=\"wp-block-heading\">\u201cUna buena se\u00f1al\u201d<\/h2>\n\n\n\n<p>Zelenski calific\u00f3 la propuesta de Putin como una buena se\u00f1al, aunque dijo que era insuficiente. Adem\u00e1s, insisti\u00f3 en la necesidad de un cese el fuego de 30 d\u00edas tal y como lo hab\u00eda pedido con el respaldo de los l\u00edderes de Alemania, Francia, Reino Unido y Polonia que se reunieron con \u00e9l en Kiev.<\/p>\n\n\n\n<p>Tanto el presidente franc\u00e9s.&nbsp;<strong>Emmanuel Macron<\/strong>, como el canciller alem\u00e1n,&nbsp;<strong>Friedrich Merz<\/strong>, hab\u00edan cojncidido en que la propuesta de Putin es insuficiente.<\/p>\n\n\n\n<figure class=\"wp-block-image\"><img decoding=\"async\" src=\"https:\/\/tn.com.ar\/resizer\/v2\/el-presidente-ruso-vladimir-putin-foto-sergey-bobylevria-novostivia-reuters-DTXMPICMOC3XNJHFVIQ2RFRBFQ.jpg?auth=bfe2dbd8df8c5e2dbed1229e620ab459d948cd3bda6c091040eb1c8f520ae8a7&amp;width=767\" alt=\"El presidente ruso, Vladimir Putin (Foto: Sergey Bobylev\/RIA Novosti\/via REUTERS)\"\/><\/figure>\n\n\n\n<p>En su propuesta Putin no hab\u00eda abordado la posibilidad de un cese el fuego que ahora Zelenski reitera como condici\u00f3n para un encuentro.<\/p>\n\n\n\n<p>Trump desde Washington tambi\u00e9n hab\u00eda respaldado la propuesta de un cese el fuego. Los aliados europeos de Ucrania hab\u00edan planteado un endurecimiento dr\u00e1stico de las sanciones en caso de que Putin no aceptase un cese el fuego.<\/p>\n\n\n\n<h2 class=\"wp-block-heading\">Los ataques no cesan<\/h2>\n\n\n\n<p>En tanto, Rusia lanz\u00f3 al menos 108 drones de largo alcance contra Ucrania el domingo, despu\u00e9s de que un alto el fuego de tres d\u00edas anunciado por el presidente ruso -durante el que no cesaron sus asaltos en el frente &#8211; terminara a medianoche.<\/p>\n\n\n\n<p>Los drones fueron lanzados desde seis lugares diferentes de Rusia y los territorios ucranianos ocupados y llegaron a las \u00e1reas bajo control ucraniano poco despu\u00e9s de que Putin terminara su declaraci\u00f3n en respuesta a la oferta de un alto el fuego incondicional que le hicieron el presidente ucraniano, Volodimir Zelenski, y los l\u00edderes europeos desde Kiev.<\/p>\n\n\n\n<p>Las defensas a\u00e9reas ucranianas interceptaron 60 drones de largo alcance del tipo \u201cShahed\u201d, mientras que 41 drones desaparecieron de los radares sin causar da\u00f1os, seg\u00fan la Fuerza A\u00e9rea del pa\u00eds.<\/p>\n\n\n\n<p>Se reportaron da\u00f1os en al menos dos regiones ucranianas, Sumi y Kiev. Seg\u00fan las autoridades regionales de Kiev, los drones da\u00f1aron al menos seis viviendas y dejaron una persona herida.<\/p>\n\n\n\n<p>Rusia tambi\u00e9n continu\u00f3 con sus ataques a\u00e9reos, de artiller\u00eda y contra \u00e1reas civiles en las regiones del frente y fronterizas, as\u00ed como con los asaltos en la l\u00ednea del frente, que fueron incluso m\u00e1s intensos durante el alto el fuego de tres d\u00edas que antes del mismo.<\/p>\n\n\n\n<p>Un civil muri\u00f3 y diez resultaron heridos en las \u00faltimas 24 horas en las regiones de Sumi, Jerson, Jarkov y Dnipropetrovsk, seg\u00fan las autoridades locales.<\/p>\n","protected":false},"excerpt":{"rendered":"<p>El presidente ruso le propuso realizar este jueves una cumbre en Estambul. El presidente ucraniano,&nbsp;Volodimir Zelenski, se declaro dispuesto a reunirse con su par ruso&nbsp;Vladimir Putin&nbsp;el pr\u00f3ximo jueves en Estambul,&hellip; <\/p>\n","protected":false},"author":8,"featured_media":207168,"comment_status":"closed","ping_status":"open","sticky":false,"template":"","format":"standard","meta":{"footnotes":""},"categories":[11],"tags":[],"class_list":["post-207167","post","type-post","status-publish","format-standard","has-post-thumbnail","hentry","category-internacionales"],"_links":{"self":[{"href":"https:\/\/corrientesdetarde.com\/index.php\/wp-json\/wp\/v2\/posts\/207167","targetHints":{"allow":["GET"]}}],"collection":[{"href":"https:\/\/corrientesdetarde.com\/index.php\/wp-json\/wp\/v2\/posts"}],"about":[{"href":"https:\/\/corrientesdetarde.com\/index.php\/wp-json\/wp\/v2\/types\/post"}],"author":[{"embeddable":true,"href":"https:\/\/corrientesdetarde.com\/index.php\/wp-json\/wp\/v2\/users\/8"}],"replies":[{"embeddable":true,"href":"https:\/\/corrientesdetarde.com\/index.php\/wp-json\/wp\/v2\/comments?post=207167"}],"version-history":[{"count":1,"href":"https:\/\/corrientesdetarde.com\/index.php\/wp-json\/wp\/v2\/posts\/207167\/revisions"}],"predecessor-version":[{"id":207169,"href":"https:\/\/corrientesdetarde.com\/index.php\/wp-json\/wp\/v2\/posts\/207167\/revisions\/207169"}],"wp:featuredmedia":[{"embeddable":true,"href":"https:\/\/corrientesdetarde.com\/index.php\/wp-json\/wp\/v2\/media\/207168"}],"wp:attachment":[{"href":"https:\/\/corrientesdetarde.com\/index.php\/wp-json\/wp\/v2\/media?parent=207167"}],"wp:term":[{"taxonomy":"category","embeddable":true,"href":"https:\/\/corrientesdetarde.com\/index.php\/wp-json\/wp\/v2\/categories?post=207167"},{"taxonomy":"post_tag","embeddable":true,"href":"https:\/\/corrientesdetarde.com\/index.php\/wp-json\/wp\/v2\/tags?post=207167"}],"curies":[{"name":"wp","href":"https:\/\/api.w.org\/{rel}","templated":true}]}}