{"id":207198,"date":"2025-05-12T16:28:25","date_gmt":"2025-05-12T19:28:25","guid":{"rendered":"https:\/\/corrientesdetarde.com\/?p=207198"},"modified":"2025-05-12T16:28:31","modified_gmt":"2025-05-12T19:28:31","slug":"la-legislatura-bonaerense-aprobo-los-cambios-en-el-calendario-electoral-el-cierre-de-listas-sera-19-de-julio","status":"publish","type":"post","link":"https:\/\/corrientesdetarde.com\/index.php\/politica\/la-legislatura-bonaerense-aprobo-los-cambios-en-el-calendario-electoral-el-cierre-de-listas-sera-19-de-julio\/","title":{"rendered":"La Legislatura bonaerense aprob\u00f3 los cambios en el calendario electoral: el cierre de listas ser\u00e1 19 de julio"},"content":{"rendered":"\n<p>El oficialismo y la oposici\u00f3n avanzaron en un proyecto consensuado para extender los plazos entre el anuncio de los candidatos y los comicios. Fue un pedido de Kicillof ante la suspensi\u00f3n de las PASO.<\/p>\n\n\n\n<p>La Legislatura de la provincia de Buenos Aires aprob\u00f3 este lunes, por m\u00e1s de dos tercios de los votos, el\u00a0<strong>proyecto de ley que modifica los plazos del\u00a0cronograma electoral<\/strong>\u00a0para los comicios provinciales de 2025.<\/p>\n\n\n\n<p>La iniciativa, impulsada a partir de un pedido formal de la Junta Electoral bonaerense, establece que<strong>&nbsp;el cierre de listas ser\u00e1 el 19 de julio<\/strong>, otorgando un mayor margen temporal previo a la elecci\u00f3n general prevista para el 7 de septiembre. Era un reclamo que hac\u00eda el gobernador Axel Kicillof ante la eliminaci\u00f3n de las PASO.<\/p>\n\n\n\n<p>Con esta reforma, se garantiza un m\u00ednimo de 50 d\u00edas entre el cierre de listas y la elecci\u00f3n, as\u00ed como al menos 30 d\u00edas entre los comicios y la oficializaci\u00f3n de boletas. El objetivo es facilitar la organizaci\u00f3n del proceso electoral, en un escenario complejo tras la decisi\u00f3n del gobernador de desdoblar las elecciones provinciales.<\/p>\n\n\n\n<figure class=\"wp-block-image\"><img decoding=\"async\" src=\"https:\/\/tn.com.ar\/resizer\/v2\/el-gobernador-bonaerense-axel-kicillof-en-la-legislatura-bonaerense-foto-gobierno-de-pba-MC65LXXEHJDZ7AFNEHPE5HAZ2A.jpg?auth=5e7893739928b070a3e44d69f0f4134e8423e23b0990502bcf5297a476842ce3&amp;width=767\" alt=\"El gobernador bonaerense, Axel Kicillof, en la Legislatura bonaerense. (Foto: Gobierno de PBA)\"\/><\/figure>\n\n\n\n<p><strong>El proyecto fue aprobado por dos tercios en ambas c\u00e1maras<\/strong>, en sesiones simult\u00e1neas que comenzaron durante la tarde. Los primeros en votar fueron los senadores, a las 14. En tanto, a las 15, se llev\u00f3 a cabo la sesi\u00f3n extraordinaria en la C\u00e1mara de Diputados. De esta forma, la iniciativa se convirti\u00f3 en ley.<\/p>\n\n\n\n<p><strong>Teresa Garc\u00eda<\/strong>, presidenta del bloque de&nbsp;<strong>Uni\u00f3n por la Patria&nbsp;<\/strong>en la C\u00e1mara alta, destac\u00f3 la transversalidad del acuerdo: \u201cPresentamos, de forma conjunta con todos los bloques que integran el Honorable Senado de la Provincia, un proyecto que am<strong>pl\u00eda los plazos de oficializaci\u00f3n de listas<\/strong>&nbsp;y&nbsp;<strong>presentaci\u00f3n de modelo de boletas<\/strong>&nbsp;de acuerdo a lo que solicit\u00f3 la Junta Electoral de la Provincia de Buenos Aires a trav\u00e9s de su presidenta, la Dra. Hilda Kogan. Mediante este proyecto, el \u00f3rgano competente en materia electoral contar\u00e1 con las herramientas necesarias para llevar adelante la pr\u00f3xima elecci\u00f3n del 7 de septiembre\u201d.<\/p>\n\n\n\n<h2 class=\"wp-block-heading\">As\u00ed qued\u00f3 el cronograma 2025<\/h2>\n\n\n\n<ul class=\"wp-block-list\">\n<li><strong>9 de julio:\u00a0<\/strong>presentaci\u00f3n de alianzas.<\/li>\n\n\n\n<li><strong>19 de julio:<\/strong>\u00a0presentaci\u00f3n de listas.<\/li>\n\n\n\n<li><strong>8 de agosto:\u00a0<\/strong>oficializaci\u00f3n de boletas.<\/li>\n\n\n\n<li><strong>7 de septiembre:\u00a0<\/strong>elecciones generales.<\/li>\n<\/ul>\n","protected":false},"excerpt":{"rendered":"<p>El oficialismo y la oposici\u00f3n avanzaron en un proyecto consensuado para extender los plazos entre el anuncio de los candidatos y los comicios. Fue un pedido de Kicillof ante la&hellip; <\/p>\n","protected":false},"author":8,"featured_media":207199,"comment_status":"closed","ping_status":"open","sticky":false,"template":"","format":"standard","meta":{"footnotes":""},"categories":[3],"tags":[],"class_list":["post-207198","post","type-post","status-publish","format-standard","has-post-thumbnail","hentry","category-politica"],"_links":{"self":[{"href":"https:\/\/corrientesdetarde.com\/index.php\/wp-json\/wp\/v2\/posts\/207198","targetHints":{"allow":["GET"]}}],"collection":[{"href":"https:\/\/corrientesdetarde.com\/index.php\/wp-json\/wp\/v2\/posts"}],"about":[{"href":"https:\/\/corrientesdetarde.com\/index.php\/wp-json\/wp\/v2\/types\/post"}],"author":[{"embeddable":true,"href":"https:\/\/corrientesdetarde.com\/index.php\/wp-json\/wp\/v2\/users\/8"}],"replies":[{"embeddable":true,"href":"https:\/\/corrientesdetarde.com\/index.php\/wp-json\/wp\/v2\/comments?post=207198"}],"version-history":[{"count":1,"href":"https:\/\/corrientesdetarde.com\/index.php\/wp-json\/wp\/v2\/posts\/207198\/revisions"}],"predecessor-version":[{"id":207200,"href":"https:\/\/corrientesdetarde.com\/index.php\/wp-json\/wp\/v2\/posts\/207198\/revisions\/207200"}],"wp:featuredmedia":[{"embeddable":true,"href":"https:\/\/corrientesdetarde.com\/index.php\/wp-json\/wp\/v2\/media\/207199"}],"wp:attachment":[{"href":"https:\/\/corrientesdetarde.com\/index.php\/wp-json\/wp\/v2\/media?parent=207198"}],"wp:term":[{"taxonomy":"category","embeddable":true,"href":"https:\/\/corrientesdetarde.com\/index.php\/wp-json\/wp\/v2\/categories?post=207198"},{"taxonomy":"post_tag","embeddable":true,"href":"https:\/\/corrientesdetarde.com\/index.php\/wp-json\/wp\/v2\/tags?post=207198"}],"curies":[{"name":"wp","href":"https:\/\/api.w.org\/{rel}","templated":true}]}}