{"id":207275,"date":"2025-05-13T08:29:21","date_gmt":"2025-05-13T11:29:21","guid":{"rendered":"https:\/\/corrientesdetarde.com\/?p=207275"},"modified":"2025-05-13T11:24:22","modified_gmt":"2025-05-13T14:24:22","slug":"como-es-el-perfil-de-la-nueva-ministra-de-ciencia-y-tecnologia-de-corrientes","status":"publish","type":"post","link":"https:\/\/corrientesdetarde.com\/index.php\/informacion-general\/como-es-el-perfil-de-la-nueva-ministra-de-ciencia-y-tecnologia-de-corrientes\/","title":{"rendered":"C\u00f3mo es el perfil de la nueva ministra de Ciencia y Tecnolog\u00eda de Corrientes"},"content":{"rendered":"\n<p>Natalia Romero asumi\u00f3 este lunes como la nueva ministra de Ciencia y Tecnolog\u00eda de Corrientes, en un acto desarrollado en Casa de Gobierno y encabezado por Gustavo Vald\u00e9s.&nbsp;<\/p>\n\n\n\n<p>La flamante funcionaria\u00a0<strong>tiene 48 a\u00f1os,\u00a0<\/strong>es afiliada al Partido Liberal (PL), partido en el que milita desde los 15 a\u00f1os, y ser\u00e1 la\u00a0<strong>cuarta mujer en sumarse al gabinete provincial<\/strong>, junto Alejandra Eliciri (Turismo), Mariel Gabur (Industria)\u00a0y Pr\u00e1xedes L\u00f3pez (Educaci\u00f3n).\u00a0<\/p>\n\n\n\n<p>Romero se\u00f1al\u00f3 que cumpli\u00f3&nbsp;<strong>&#8220;todos los roles habituales que un militante puede tener&#8221;.&nbsp;&nbsp;<\/strong><\/p>\n\n\n\n<p><strong>&#8220;Fui convencional, fui candidata concejal, fui precandidata diputada en su momento, siempre siempre dentro de las filas de mi partido&#8221;<\/strong>, detall\u00f3 en di\u00e1logo con FM Net.<\/p>\n\n\n\n<p>Adem\u00e1s, sostuvo que integr\u00f3 la boleta como candidata a<strong>&nbsp;viceintendenta por&nbsp;Santo Tom\u00e9<\/strong>, ciudad en la que reside hace 16 a\u00f1os y en la que es presidenta del comit\u00e9 local del PL.<\/p>\n\n\n\n<p>En cuanto a su perfil profesional, la flamante ministra dijo que es&nbsp;<strong>&#8220;abogada, escribana, tengo una especializaci\u00f3n en administraci\u00f3n p\u00fablica&#8221;.<\/strong><\/p>\n\n\n\n<p>&#8220;Incursion\u00e9 mucho en el \u00e1mbito de la funci\u00f3n privada hasta el a\u00f1o 2004, siempre trabaj\u00e9 en la actividad privada, nunca en un cargo p\u00fablico y despu\u00e9s entr\u00e9 a trabajar en la administraci\u00f3n p\u00fablica, que es en en donde me desempe\u00f1o actualmente&#8221;, a\u00f1adi\u00f3.<\/p>\n\n\n\n<p>En ese sentido, precis\u00f3 que hasta el llamado de Vald\u00e9s para ser parte del gabinete ella era &#8220;responsable de la delegaci\u00f3n Santo Tom\u00e9 del Ministerio de Producci\u00f3n&#8221;.\u00a0<\/p>\n\n\n\n<p><strong>JURAMENTO<\/strong><\/p>\n\n\n\n<p>El gobernador Gustavo Vald\u00e9s tom\u00f3 juramento a la escribana Natalia Romero, quien de esta manera asumi\u00f3 el cargo de ministra de Ciencia y Tecnolog\u00eda de la provincia.<\/p>\n\n\n\n<p>Fue en el Sal\u00f3n Amarillo de Casa de Gobierno, ante la presencia de ministros, secretarios y dem\u00e1s autoridades. El mandatario destac\u00f3 la incorporaci\u00f3n de una nueva mujer al Gabinete y que el desaf\u00edo est\u00e1 en \u201calcanzar niveles de calidad diferentes hacia la modernizaci\u00f3n del Estado\u201d.<\/p>\n\n\n\n<p><strong>Vald\u00e9s hizo hincapi\u00e9 en que sumar una nueva mujer al Gabinete \u201ces algo hist\u00f3rico para la Provincia\u201d, teniendo en cuenta que con la asunci\u00f3n de Romero ya son cuatro en funciones<\/strong>, con Alejandra Eliciri en Turismo, Mariel Gabur en Industria y Pr\u00e1xedes L\u00f3pez en Educaci\u00f3n.<\/p>\n\n\n\n<p>\u201cSon mujeres con una&nbsp;<strong>enorme capacidad de trabajo y de gesti\u00f3n<\/strong>&nbsp;y una mirada importante\u201d, manifest\u00f3 el gobernador, destacando que \u201csumamos otra mujer de dilatada trayectoria en pol\u00edtica que va a conducir los destinos de un ministerio complejo, que tiene que ver con la tecnolog\u00eda y el desarrollo\u201d. Entre sus tareas est\u00e1 la coordinar el trabajo con la empresa del Estado correntino TelCo, \u201ccomo algo que es clave\u201d, asever\u00f3 el mandatario.<\/p>\n\n\n\n<p>Para Vald\u00e9s, todo forma parte de una \u201cmirada innovadora, incorporando nuevos desaf\u00edos en tecnolog\u00eda para alcanzar niveles de calidad diferentes hacia la modernizaci\u00f3n del Estado\u201d.<\/p>\n\n\n\n<figure class=\"wp-block-image size-large\"><img loading=\"lazy\" decoding=\"async\" width=\"1024\" height=\"576\" src=\"https:\/\/corrientesdetarde.com\/wp-content\/uploads\/2025\/05\/image-418-1024x576.png\" alt=\"\" class=\"wp-image-207286\" srcset=\"https:\/\/corrientesdetarde.com\/wp-content\/uploads\/2025\/05\/image-418-1024x576.png 1024w, https:\/\/corrientesdetarde.com\/wp-content\/uploads\/2025\/05\/image-418-300x169.png 300w, https:\/\/corrientesdetarde.com\/wp-content\/uploads\/2025\/05\/image-418-768x432.png 768w, https:\/\/corrientesdetarde.com\/wp-content\/uploads\/2025\/05\/image-418.png 1200w\" sizes=\"auto, (max-width: 1024px) 100vw, 1024px\" \/><\/figure>\n\n\n\n<p><a href=\"https:\/\/www.ellitoral.com.ar\/actualidad\/2025-5-5-11-6-0-un-ministro-renuncio-al-gobierno-el-comunicado-que-le-envio-a-valdes\"><\/a><\/p>\n","protected":false},"excerpt":{"rendered":"<p>Natalia Romero asumi\u00f3 este lunes como la nueva ministra de Ciencia y Tecnolog\u00eda de Corrientes, en un acto desarrollado en Casa de Gobierno y encabezado por Gustavo Vald\u00e9s.&nbsp; La flamante&hellip; <\/p>\n","protected":false},"author":1,"featured_media":207285,"comment_status":"closed","ping_status":"open","sticky":false,"template":"","format":"standard","meta":{"footnotes":""},"categories":[1],"tags":[],"class_list":["post-207275","post","type-post","status-publish","format-standard","has-post-thumbnail","hentry","category-informacion-general"],"_links":{"self":[{"href":"https:\/\/corrientesdetarde.com\/index.php\/wp-json\/wp\/v2\/posts\/207275","targetHints":{"allow":["GET"]}}],"collection":[{"href":"https:\/\/corrientesdetarde.com\/index.php\/wp-json\/wp\/v2\/posts"}],"about":[{"href":"https:\/\/corrientesdetarde.com\/index.php\/wp-json\/wp\/v2\/types\/post"}],"author":[{"embeddable":true,"href":"https:\/\/corrientesdetarde.com\/index.php\/wp-json\/wp\/v2\/users\/1"}],"replies":[{"embeddable":true,"href":"https:\/\/corrientesdetarde.com\/index.php\/wp-json\/wp\/v2\/comments?post=207275"}],"version-history":[{"count":1,"href":"https:\/\/corrientesdetarde.com\/index.php\/wp-json\/wp\/v2\/posts\/207275\/revisions"}],"predecessor-version":[{"id":207287,"href":"https:\/\/corrientesdetarde.com\/index.php\/wp-json\/wp\/v2\/posts\/207275\/revisions\/207287"}],"wp:featuredmedia":[{"embeddable":true,"href":"https:\/\/corrientesdetarde.com\/index.php\/wp-json\/wp\/v2\/media\/207285"}],"wp:attachment":[{"href":"https:\/\/corrientesdetarde.com\/index.php\/wp-json\/wp\/v2\/media?parent=207275"}],"wp:term":[{"taxonomy":"category","embeddable":true,"href":"https:\/\/corrientesdetarde.com\/index.php\/wp-json\/wp\/v2\/categories?post=207275"},{"taxonomy":"post_tag","embeddable":true,"href":"https:\/\/corrientesdetarde.com\/index.php\/wp-json\/wp\/v2\/tags?post=207275"}],"curies":[{"name":"wp","href":"https:\/\/api.w.org\/{rel}","templated":true}]}}