{"id":20728,"date":"2022-11-17T22:51:53","date_gmt":"2022-11-18T01:51:53","guid":{"rendered":"https:\/\/corrientesdetarde.com\/?p=20728"},"modified":"2022-11-17T22:51:56","modified_gmt":"2022-11-18T01:51:56","slug":"quienes-son-las-estrellas-de-la-musica-que-no-participaran-en-la-ceremonia-inaugural-del-mundial-qatar-2022","status":"publish","type":"post","link":"https:\/\/corrientesdetarde.com\/index.php\/deportes\/quienes-son-las-estrellas-de-la-musica-que-no-participaran-en-la-ceremonia-inaugural-del-mundial-qatar-2022\/","title":{"rendered":"Qui\u00e9nes son las estrellas de la m\u00fasica que no participar\u00e1n en la ceremonia inaugural del Mundial Qatar 2022"},"content":{"rendered":"\n<p>A tres d\u00edas de su apertura, el\u00a0<strong>Mundial de f\u00fatbol de Qatar 2022<\/strong>\u00a0vive sumido en\u00a0<strong>una gran inc\u00f3gnita<\/strong>\u00a0sobre el plantel de artistas que acompa\u00f1ar\u00e1n en la inauguraci\u00f3n al cantante y bailar\u00edn surcoreano de BTS Jung Kook.<\/p>\n\n\n\n<p>\u201cEspero visitar Qatar cuando haya cumplido todas las promesas sobre derechos humanos que hizo cuando se gan\u00f3 el derecho a organizar el Mundial\u201d, afirm\u00f3&nbsp;<strong>Dua Lipa&nbsp;<\/strong>en su perfil oficial de Instagram hace unos d\u00edas&nbsp;<strong>tras los crecientes rumores sobre su presencia<\/strong>&nbsp;en la gala inaugural.<\/p>\n\n\n\n<p>En la misma l\u00ednea se pronunci\u00f3 su compatriota&nbsp;<strong>Rod Stewart<\/strong>, quien seg\u00fan declar\u00f3 al diario&nbsp;<em>The Sunday Times&nbsp;<\/em><strong>lleg\u00f3 a rechazar m\u00e1s de un mill\u00f3n de d\u00f3lares&nbsp;<\/strong>por tocar en este pa\u00eds \u00e1rabe por razones morales. \u201cMe ofrecieron mucho dinero, pero lo rechac\u00e9 (&#8230;) porque no est\u00e1 bien ir a ese Mundial\u201d, afirm\u00f3 tras ser preguntado sobre la falta de garant\u00edas para los homosexuales en Qatar.<\/p>\n\n\n\n<p>Seg\u00fan indicaron algunos medios europeos,\u00a0<strong>Shakira tambi\u00e9n abr\u00eda declinado la oferta\u00a0<\/strong>por su posible participaci\u00f3n en esta ceremonia, que en cualquier otra edici\u00f3n constituy\u00f3 una plataforma promocional sin igual, pero de la que ahora reniegan distintas figuras por el\u00a0<strong>escaso respeto de su actual sede por los derechos humanos.<\/strong>Como autora de \u201cWaka Waka\u201d, la canci\u00f3n oficial del Mundial de Sud\u00e1frica 2010, la colombiana ya\u00a0<strong>conoc\u00eda los suculentos frutos de poner sinton\u00eda a un Mundial<\/strong>, igual que Ricky Martin con \u201cLa copa de la vida\u201d en Francia 1998 o \u201cBoom\u201d de Anastacia en Corea del Sur-Jap\u00f3n 2002, por citar algunos de los casos m\u00e1s sonados.<\/p>\n\n\n\n<figure class=\"wp-block-image size-full\"><img loading=\"lazy\" decoding=\"async\" width=\"529\" height=\"805\" src=\"https:\/\/corrientesdetarde.com\/wp-content\/uploads\/2022\/11\/image-225.png\" alt=\"\" class=\"wp-image-20729\" srcset=\"https:\/\/corrientesdetarde.com\/wp-content\/uploads\/2022\/11\/image-225.png 529w, https:\/\/corrientesdetarde.com\/wp-content\/uploads\/2022\/11\/image-225-197x300.png 197w\" sizes=\"auto, (max-width: 529px) 100vw, 529px\" \/><\/figure>\n\n\n\n<p>En paralelo a la celebraci\u00f3n de la competici\u00f3n deportiva, varios conciertos de importantes nombres de la m\u00fasica se llevar\u00e1n a cabo en la capital catar\u00ed: como\u00a0<strong>Black Eyed Peas\u00a0<\/strong>el mismo d\u00eda 20 o\u00a0<strong>Robbie Williams<\/strong>\u00a0el 8 de diciembre, seg\u00fan inform\u00f3 la web\u00a0<em>ILoveQatar.<\/em><\/p>\n\n\n\n<p>Tambi\u00e9n actuar\u00e1n en diferentes fechas y recintos&nbsp;<strong>David Guetta, Steve Aoki, Craig David, Major Lazer Soundsystem<\/strong>&nbsp;y el espa\u00f1ol&nbsp;<strong>Omar Montes.&nbsp;<\/strong>Adem\u00e1s, en la banda sonora oficial del Mundial participan Maluma con \u201cTukoh Taka\u201d junto a Myriam Fares y Nicki Minaj, y el puertorrique\u00f1o Ozuna, con \u201cArhbo\u201d.<\/p>\n\n\n\n<p>En lo que respecta a&nbsp;<strong>J Balvin<\/strong>, quien tiene una fecha confirmada, todo parece indicar que tambi\u00e9n se unir\u00e1 a la lista de \u201cNo\u201d. As\u00ed lo anunci\u00f3 el medio colombiano Noticias RCN, despu\u00e9s de comunicarse con el representante del artista.<\/p>\n\n\n\n<p><img loading=\"lazy\" decoding=\"async\" alt=\"Rod Stewart rechaz\u00f3 una oferta de m\u00e1s de 1 mill\u00f3n de d\u00f3lares (Reuters)\" height=\"3405\" width=\"5098\" class=\"\" src=\"https:\/\/cloudfront-us-east-1.images.arcpublishing.com\/infobae\/UN273D5Z4VB6YKJLSQC6ZJRPME.jpg\" srcset=\"https:\/\/www.infobae.com\/new-resizer\/Vk4TNj9EOg8HkNLNnBcogm41q20=\/420x280\/filters:format(webp):quality(85)\/cloudfront-us-east-1.images.arcpublishing.com\/infobae\/UN273D5Z4VB6YKJLSQC6ZJRPME.jpg 420w,https:\/\/www.infobae.com\/new-resizer\/MyoWDNB_bfgdYkxxvqVQ3mw0nls=\/768x512\/filters:format(webp):quality(85)\/cloudfront-us-east-1.images.arcpublishing.com\/infobae\/UN273D5Z4VB6YKJLSQC6ZJRPME.jpg 768w,https:\/\/www.infobae.com\/new-resizer\/s6hNa5ZgCHzMG1AzWYmx3fCO3kw=\/992x661\/filters:format(webp):quality(85)\/cloudfront-us-east-1.images.arcpublishing.com\/infobae\/UN273D5Z4VB6YKJLSQC6ZJRPME.jpg 992w,https:\/\/www.infobae.com\/new-resizer\/VucYTEgmXVdOcI5c_lE-G6MyTNA=\/1200x800\/filters:format(webp):quality(85)\/cloudfront-us-east-1.images.arcpublishing.com\/infobae\/UN273D5Z4VB6YKJLSQC6ZJRPME.jpg 1200w,https:\/\/www.infobae.com\/new-resizer\/IKTczQZMyL1RCpvVE-DlY6dBeew=\/1440x960\/filters:format(webp):quality(85)\/cloudfront-us-east-1.images.arcpublishing.com\/infobae\/UN273D5Z4VB6YKJLSQC6ZJRPME.jpg 1440w\">Rod Stewart rechaz\u00f3 una oferta de m\u00e1s de 1 mill\u00f3n de d\u00f3lares (Reuters)<\/p>\n\n\n\n<p>Seg\u00fan inform\u00f3 la web de la&nbsp;<strong>FIFA<\/strong>, Maluma y Myriam Fares estar\u00e1n en la v\u00edspera del inicio del Mundial en el FIFA Fan Festival, un recinto de Doha que acoger\u00e1 diversas actuaciones en las pr\u00f3ximas semanas, pero no la rapera estadounidense que&nbsp;<strong>ha recibido el rechazo de parte de sus seguidores<\/strong>&nbsp;por firmar este tema para un evento en un pa\u00eds que no respeta los derechos humanos.<\/p>\n\n\n\n<p>De las cr\u00edticas por un movimiento similar no escap\u00f3 otra diva gay, la cubano-espa\u00f1ola&nbsp;<strong>Chanel<\/strong>, que vio da\u00f1ada su imagen por la contradicci\u00f3n de haber sido pregonera del \u00faltimo Orgullo en Madrid y presentar a continuaci\u00f3n su sencillo \u201cToke\u201d como canci\u00f3n oficial de la selecci\u00f3n espa\u00f1ola de f\u00fatbol en este Mundial.<\/p>\n\n\n\n<p>\u201c<strong>Yo tengo muy claros mis principios<\/strong>&nbsp;y cuanto m\u00e1s lejos y a m\u00e1s personas pueda llevar mi mensaje, m\u00e1s orgullosa estar\u00e9\u201d, argument\u00f3 tras ser preguntada por la agencia&nbsp;<em>EFE&nbsp;<\/em>acerca de si no le representaba un conflicto moral asociar un tema a un evento de un pa\u00eds que coarta los derechos de las mujeres y persigue al colectivo LGTBQ+ con penas de c\u00e1rcel o incluso la muerte.<\/p>\n","protected":false},"excerpt":{"rendered":"<p>A tres d\u00edas de su apertura, el\u00a0Mundial de f\u00fatbol de Qatar 2022\u00a0vive sumido en\u00a0una gran inc\u00f3gnita\u00a0sobre el plantel de artistas que acompa\u00f1ar\u00e1n en la inauguraci\u00f3n al cantante y bailar\u00edn surcoreano&hellip; <\/p>\n","protected":false},"author":1,"featured_media":20730,"comment_status":"closed","ping_status":"open","sticky":false,"template":"","format":"standard","meta":{"footnotes":""},"categories":[4,19],"tags":[],"class_list":["post-20728","post","type-post","status-publish","format-standard","has-post-thumbnail","hentry","category-deportes","category-espectaculos"],"_links":{"self":[{"href":"https:\/\/corrientesdetarde.com\/index.php\/wp-json\/wp\/v2\/posts\/20728","targetHints":{"allow":["GET"]}}],"collection":[{"href":"https:\/\/corrientesdetarde.com\/index.php\/wp-json\/wp\/v2\/posts"}],"about":[{"href":"https:\/\/corrientesdetarde.com\/index.php\/wp-json\/wp\/v2\/types\/post"}],"author":[{"embeddable":true,"href":"https:\/\/corrientesdetarde.com\/index.php\/wp-json\/wp\/v2\/users\/1"}],"replies":[{"embeddable":true,"href":"https:\/\/corrientesdetarde.com\/index.php\/wp-json\/wp\/v2\/comments?post=20728"}],"version-history":[{"count":1,"href":"https:\/\/corrientesdetarde.com\/index.php\/wp-json\/wp\/v2\/posts\/20728\/revisions"}],"predecessor-version":[{"id":20746,"href":"https:\/\/corrientesdetarde.com\/index.php\/wp-json\/wp\/v2\/posts\/20728\/revisions\/20746"}],"wp:featuredmedia":[{"embeddable":true,"href":"https:\/\/corrientesdetarde.com\/index.php\/wp-json\/wp\/v2\/media\/20730"}],"wp:attachment":[{"href":"https:\/\/corrientesdetarde.com\/index.php\/wp-json\/wp\/v2\/media?parent=20728"}],"wp:term":[{"taxonomy":"category","embeddable":true,"href":"https:\/\/corrientesdetarde.com\/index.php\/wp-json\/wp\/v2\/categories?post=20728"},{"taxonomy":"post_tag","embeddable":true,"href":"https:\/\/corrientesdetarde.com\/index.php\/wp-json\/wp\/v2\/tags?post=20728"}],"curies":[{"name":"wp","href":"https:\/\/api.w.org\/{rel}","templated":true}]}}