{"id":207288,"date":"2025-05-13T08:31:26","date_gmt":"2025-05-13T11:31:26","guid":{"rendered":"https:\/\/corrientesdetarde.com\/?p=207288"},"modified":"2025-05-13T08:31:42","modified_gmt":"2025-05-13T11:31:42","slug":"una-mujer-se-tiro-al-parana","status":"publish","type":"post","link":"https:\/\/corrientesdetarde.com\/index.php\/policiales\/una-mujer-se-tiro-al-parana\/","title":{"rendered":"Una mujer se quit\u00f3 la vida al tirarse al Paran\u00e1"},"content":{"rendered":"\n<p>La Prefectura Naval buscaba ayer por la tarde y noche, el cuerpo de una mujer que tom\u00f3 la dr\u00e1stica determinaci\u00f3n de arrojarse a las aguas del Paran\u00e1, desde el Puente General Belgrano. Fue cerca de las 15 cuando otra persona que caminaba por los laterales alert\u00f3 a las autoridades de lo sucedido.<\/p>\n\n\n\n<p>Una mujer lleg\u00f3 caminando hasta unos 20 metros de los tensores ubicados del lado chaque\u00f1o del puente, se quit\u00f3 la ri\u00f1onera, otra prenda de vestir y se arroj\u00f3 directamente a las aguas del r\u00edo Paran\u00e1. Pese a la rapidez con la que lleg\u00f3 la Polic\u00eda al lugar, nada se pudo hacer, ya que lo peor hab\u00eda sucedido.<\/p>\n\n\n\n<p>Personal de la Prefectura, de la Gendarmer\u00eda y de las dos fuerzas policiales en ambas orillas llegaron hasta la zona donde quedaron los objetos personales de la v\u00edctima, quien seg\u00fan testigo era mayor de edad y de apellido Ibarra, con domicilio en la capital correntina, seg\u00fan los datos sacados de la documentaci\u00f3n existente en la ri\u00f1onera que dej\u00f3.<\/p>\n\n\n\n<p>Hasta ahora se desconocen los motivos que llevaron a la mujer a tomar esta decisi\u00f3n, pero aquella actitud provoc\u00f3 un operativo de seguridad en aquel sector del puente, con serias e inexplicables demoras en el tr\u00e1nsito de ambos lados, originadas claro por el mismo dispositivo de seguridad.<\/p>\n\n\n\n<p>Desde la Prefectura continuar\u00e1n con la b\u00fasqueda del cuerpo de la mujer; mientras que la Justicia ya solicit\u00f3 las im\u00e1genes de vigilancia del puente.<\/p>\n\n\n\n<figure class=\"wp-block-image size-full\"><img decoding=\"async\" src=\"https:\/\/corrientesdetarde.com\/wp-content\/uploads\/2025\/05\/image-419.png\" alt=\"\" class=\"wp-image-207289\"\/><\/figure>\n","protected":false},"excerpt":{"rendered":"<p>La Prefectura Naval buscaba ayer por la tarde y noche, el cuerpo de una mujer que tom\u00f3 la dr\u00e1stica determinaci\u00f3n de arrojarse a las aguas del Paran\u00e1, desde el Puente&hellip; <\/p>\n","protected":false},"author":1,"featured_media":207289,"comment_status":"closed","ping_status":"open","sticky":false,"template":"","format":"standard","meta":{"footnotes":""},"categories":[33],"tags":[],"class_list":["post-207288","post","type-post","status-publish","format-standard","has-post-thumbnail","hentry","category-policiales"],"_links":{"self":[{"href":"https:\/\/corrientesdetarde.com\/index.php\/wp-json\/wp\/v2\/posts\/207288","targetHints":{"allow":["GET"]}}],"collection":[{"href":"https:\/\/corrientesdetarde.com\/index.php\/wp-json\/wp\/v2\/posts"}],"about":[{"href":"https:\/\/corrientesdetarde.com\/index.php\/wp-json\/wp\/v2\/types\/post"}],"author":[{"embeddable":true,"href":"https:\/\/corrientesdetarde.com\/index.php\/wp-json\/wp\/v2\/users\/1"}],"replies":[{"embeddable":true,"href":"https:\/\/corrientesdetarde.com\/index.php\/wp-json\/wp\/v2\/comments?post=207288"}],"version-history":[{"count":2,"href":"https:\/\/corrientesdetarde.com\/index.php\/wp-json\/wp\/v2\/posts\/207288\/revisions"}],"predecessor-version":[{"id":207291,"href":"https:\/\/corrientesdetarde.com\/index.php\/wp-json\/wp\/v2\/posts\/207288\/revisions\/207291"}],"wp:featuredmedia":[{"embeddable":true,"href":"https:\/\/corrientesdetarde.com\/index.php\/wp-json\/wp\/v2\/media\/207289"}],"wp:attachment":[{"href":"https:\/\/corrientesdetarde.com\/index.php\/wp-json\/wp\/v2\/media?parent=207288"}],"wp:term":[{"taxonomy":"category","embeddable":true,"href":"https:\/\/corrientesdetarde.com\/index.php\/wp-json\/wp\/v2\/categories?post=207288"},{"taxonomy":"post_tag","embeddable":true,"href":"https:\/\/corrientesdetarde.com\/index.php\/wp-json\/wp\/v2\/tags?post=207288"}],"curies":[{"name":"wp","href":"https:\/\/api.w.org\/{rel}","templated":true}]}}