{"id":207419,"date":"2025-05-13T16:18:43","date_gmt":"2025-05-13T19:18:43","guid":{"rendered":"https:\/\/corrientesdetarde.com\/?p=207419"},"modified":"2025-05-13T16:18:55","modified_gmt":"2025-05-13T19:18:55","slug":"cubierta-de-diamantes-kim-kardashian-perdono-a-uno-de-los-abuelitos-de-la-banda-que-la-asalto-en-paris","status":"publish","type":"post","link":"https:\/\/corrientesdetarde.com\/index.php\/espectaculos\/cubierta-de-diamantes-kim-kardashian-perdono-a-uno-de-los-abuelitos-de-la-banda-que-la-asalto-en-paris\/","title":{"rendered":"Cubierta de diamantes, Kim Kardashian perdon\u00f3 a uno de los \u201cabuelitos\u201d de la banda que la asalt\u00f3 en Par\u00eds"},"content":{"rendered":"\n<p>Lleg\u00f3 al tribunal de elegante traje negro con falda midi y joyer\u00eda valuada en millones de d\u00f3lares.<\/p>\n\n\n\n<p><strong>Kim Kardashian<\/strong>\u00a0lleg\u00f3 al tribunal de Par\u00eds para testificar en la causa de\u00a0<strong>atraco y secuestro<\/strong>\u00a0que sufri\u00f3 en el palacio en el que se alojaba durante la\u00a0<strong>Semana de la Moda en octubre de 2016<\/strong>. Fiel a su estilo, lo hizo con\u00a0<strong>un collar de diamantes de 3,5 millones de d\u00f3lares y un ostentoso regalo de su hija North.<\/strong><\/p>\n\n\n\n<p>Vestida de negro con&nbsp;<strong>un saco entallado y falda asim\u00e9trica<\/strong>, la empresaria estuvo acompa\u00f1ada por su madre, Kris Jenner. En el tribunal, Kardashian asegur\u00f3 que&nbsp;<strong>perdonaba a Aomar Ait Khedache<\/strong>, el principal acusado de haberla amenazado con un arma para robarle 10 millones de d\u00f3lares en joyas.<\/p>\n\n\n\n<figure class=\"wp-block-image\"><img decoding=\"async\" src=\"https:\/\/tn.com.ar\/resizer\/v2\/kim-kardashian-con-pendientes-de-50-mil-dolares-foto-afp-HRGXO2DIHVDJNASB6AWSM6CXOQ.jpeg?auth=dd2dfe872cce2b737fcf71ee4265505f71b9693c0a14030b3e11595df457e980&amp;width=767\" alt=\"Kim Kardashian con pendientes de 50 mil d\u00f3lares. (Foto: AFP)\"\/><\/figure>\n\n\n\n<p>Sin embargo, su gesto de perd\u00f3n se vio opacado por las piezas de joyer\u00eda que us\u00f3, que acapararon titulares. El<strong>&nbsp;joyero Zack Stone<\/strong>&nbsp;predijo que la estrella lucir\u00eda gemas valoradas en millones de d\u00f3lares para su comparecencia ante el tribunal, pero se\u00f1al\u00f3 que el precio podr\u00eda ser menor si se tratara de diamantes cultivados en laboratorio.<\/p>\n\n\n\n<p>El especialista declar\u00f3 a<em>&nbsp;Mail Online<\/em>:<strong>&nbsp;\u201cSi sus aros son aut\u00e9nticos, podr\u00edan valer la impresionante suma de 50.000 d\u00f3lares.<\/strong>&nbsp;Aunque fue su collar el que realmente se rob\u00f3 las miradas, con una serie de<strong>&nbsp;piedras graduadas de corte pera y marquesa, dispuestas en un patr\u00f3n sim\u00e9trico. \u201cProbablemente, tenga un precio desorbitado de unos 3,5 millones de d\u00f3lares\u201d.<\/strong><\/p>\n\n\n\n<figure class=\"wp-block-image\"><img decoding=\"async\" src=\"https:\/\/tn.com.ar\/resizer\/v2\/asi-llegaba-kim-kardashian-a-la-corte-de-paris-foto-reuterspiroschka-van-de-wouw-refile-correcting-court-information-from-court-of-appeal-of-paris-to-paris-court-ESQYCUTQOO4CKP74XXGMKYHISI.jpg?auth=3497f3ecf18d6e2c15780e28904891f565a7c176d1d05148fd19fc83242d9035&amp;width=767\" alt=\"As\u00ed llegaba Kim Kardashian a la corte de Par\u00eds. (Foto: REUTERS\/Piroschka van de Wouw  REFILE - CORRECTING COURT INFORMATION FROM ''COURT OF APPEAL OF PARIS'' TO ''PARIS COURT'')\"\/><\/figure>\n\n\n\n<p>Adem\u00e1s, Kardashian luci\u00f3 una&nbsp;<strong>tobillera de diamantes&nbsp;<\/strong>que le hab\u00eda regalado su hija North. Stone continu\u00f3:<strong>&nbsp;\u201cLa tobillera de Kim parece ser la pieza sentimental que recibi\u00f3 de North para el D\u00eda de la Madre, con las piedras de nacimiento de sus cuatro hijos\u201d.<\/strong><\/p>\n\n\n\n<figure class=\"wp-block-image\"><img decoding=\"async\" src=\"https:\/\/tn.com.ar\/resizer\/v2\/kim-kardashian-junto-a-kris-jenner-en-la-corte-de-paris-foto-reuterspiroschka-van-de-wouw-refile-correcting-court-information-from-court-of-appeal-of-paris-to-paris-court-LRJT4SLI4U3HICFA6HMZMJCJRU.jpg?auth=2f97df68d60f8d95b24581d65231fe0661885bc5dfd6a01d4993f63546f265a2&amp;width=767\" alt=\"Kim Kardashian junto a Kris Jenner en la corte de Par\u00eds. (Foto: REUTERS\/Piroschka van de Wouw  REFILE - CORRECTING COURT INFORMATION FROM ''COURT OF APPEAL OF PARIS'' TO ''PARIS COURT'&quot;)\"\/><\/figure>\n\n\n\n<p>Encastrada con diamantes de talla redonda, est\u00e1 delicadamente decorada con una&nbsp;<strong>perla<\/strong>, un granate de talla pera, una circonita de talla pera y una esmeralda de talla esmeralda.&nbsp;<strong>Calculo su valor en unos 8.000 d\u00f3lares\u201d.<\/strong><\/p>\n\n\n\n<figure class=\"wp-block-image\"><img decoding=\"async\" src=\"https:\/\/tn.com.ar\/resizer\/v2\/kim-kardashian-se-mostro-con-la-tobillera-que-le-regalo-su-hija-north-west-por-el-dia-de-la-madre-foto-efeepasadak-souici-G47CWC553JB43G7J3HYTQP7BUA.JPG?auth=cf353aba4f531eca6db11a95c23084f313e9ae0feea11d23c1e1a910c85a660c&amp;width=767\" alt=\"Kim Kardashian se mostr\u00f3 con la tobillera que le regal\u00f3 su hija North West por el D\u00eda de la Madre. (Foto: EFE\/EPA\/SADAK SOUICI)\"\/><\/figure>\n\n\n\n<p>En su mano derecha, Kim luci\u00f3 un anillo de lo que parecen ser 20 quilates, engastado en un dise\u00f1o solitario que realza a\u00fan m\u00e1s su extraordinario tama\u00f1o. \u201cDados estos detalles, podemos asumir que el anillo tiene un precio elevado; mi estimaci\u00f3n rondar\u00eda los&nbsp;<strong>3,5 millones de d\u00f3lares\u201d<\/strong>, opin\u00f3.<\/p>\n\n\n\n<figure class=\"wp-block-image\"><img decoding=\"async\" src=\"https:\/\/tn.com.ar\/resizer\/v2\/kim-kardashian-cubierta-de-diamantes-en-el-juicio-por-el-robo-de-sus-joyas-ap-fotoaurelien-morissard-DREJLRTIDY7IGNSXF5ZQCXE35U.jpg?auth=8290381a8f7e07535ae302ed4e56fe2fcdbb442836a55f1e1e0e3db7583d8549&amp;width=767\" alt=\"Kim Kardashian, cubierta de diamantes en el juicio por el robo de sus joyas. (AP Foto\/Aurelien Morissard)\"\/><\/figure>\n\n\n\n<p><strong>\u201cEs pr\u00e1cticamente imposible determinar si las joyas de Kim son aut\u00e9nticas o no; hoy en d\u00eda, los diamantes cultivados en laboratorio tienen el mismo aspecto que los naturales\u201d<\/strong>, concluy\u00f3 Zack Stone.<\/p>\n\n\n\n<h2 class=\"wp-block-heading\">La declaraci\u00f3n de Kim Kardashian al principal acusado de robar sus joyas<\/h2>\n\n\n\n<p>Durante el juicio, Kim Kardashian dijo entre l\u00e1grimas<strong>: \u201cYo deseaba tanto ser abogada y luchar por las personas&#8230; Siempre he cre\u00eddo en las segundas oportunidades\u201d.<\/strong>&nbsp;Sus palabras llegaron despu\u00e9s de escuchar la carta de disculpas de Aomar Ait Khedache.<\/p>\n\n\n\n<p>Dirigi\u00e9ndose a \u00e9l, a\u00f1adi\u00f3:&nbsp;<strong>\u201cLo perdono por lo que ocurri\u00f3, pero eso no cambia la emoci\u00f3n, los sentimientos, el trauma y la forma en que mi vida cambi\u00f3. Gracias por la carta\u201d.<\/strong><\/p>\n","protected":false},"excerpt":{"rendered":"<p>Lleg\u00f3 al tribunal de elegante traje negro con falda midi y joyer\u00eda valuada en millones de d\u00f3lares. Kim Kardashian\u00a0lleg\u00f3 al tribunal de Par\u00eds para testificar en la causa de\u00a0atraco y&hellip; <\/p>\n","protected":false},"author":8,"featured_media":207420,"comment_status":"closed","ping_status":"open","sticky":false,"template":"","format":"standard","meta":{"footnotes":""},"categories":[19],"tags":[],"class_list":["post-207419","post","type-post","status-publish","format-standard","has-post-thumbnail","hentry","category-espectaculos"],"_links":{"self":[{"href":"https:\/\/corrientesdetarde.com\/index.php\/wp-json\/wp\/v2\/posts\/207419","targetHints":{"allow":["GET"]}}],"collection":[{"href":"https:\/\/corrientesdetarde.com\/index.php\/wp-json\/wp\/v2\/posts"}],"about":[{"href":"https:\/\/corrientesdetarde.com\/index.php\/wp-json\/wp\/v2\/types\/post"}],"author":[{"embeddable":true,"href":"https:\/\/corrientesdetarde.com\/index.php\/wp-json\/wp\/v2\/users\/8"}],"replies":[{"embeddable":true,"href":"https:\/\/corrientesdetarde.com\/index.php\/wp-json\/wp\/v2\/comments?post=207419"}],"version-history":[{"count":1,"href":"https:\/\/corrientesdetarde.com\/index.php\/wp-json\/wp\/v2\/posts\/207419\/revisions"}],"predecessor-version":[{"id":207421,"href":"https:\/\/corrientesdetarde.com\/index.php\/wp-json\/wp\/v2\/posts\/207419\/revisions\/207421"}],"wp:featuredmedia":[{"embeddable":true,"href":"https:\/\/corrientesdetarde.com\/index.php\/wp-json\/wp\/v2\/media\/207420"}],"wp:attachment":[{"href":"https:\/\/corrientesdetarde.com\/index.php\/wp-json\/wp\/v2\/media?parent=207419"}],"wp:term":[{"taxonomy":"category","embeddable":true,"href":"https:\/\/corrientesdetarde.com\/index.php\/wp-json\/wp\/v2\/categories?post=207419"},{"taxonomy":"post_tag","embeddable":true,"href":"https:\/\/corrientesdetarde.com\/index.php\/wp-json\/wp\/v2\/tags?post=207419"}],"curies":[{"name":"wp","href":"https:\/\/api.w.org\/{rel}","templated":true}]}}