{"id":207425,"date":"2025-05-13T16:29:08","date_gmt":"2025-05-13T19:29:08","guid":{"rendered":"https:\/\/corrientesdetarde.com\/?p=207425"},"modified":"2025-05-13T16:29:12","modified_gmt":"2025-05-13T19:29:12","slug":"cande-tinelli-toco-fondo-y-ventilo-por-que-se-separo-de-coti-sorokin-a-un-ano-de-haberse-casado","status":"publish","type":"post","link":"https:\/\/corrientesdetarde.com\/index.php\/espectaculos\/cande-tinelli-toco-fondo-y-ventilo-por-que-se-separo-de-coti-sorokin-a-un-ano-de-haberse-casado\/","title":{"rendered":"Cande Tinelli toc\u00f3 fondo y ventil\u00f3 por qu\u00e9 se separ\u00f3 de Coti Sorokin a un a\u00f1o de haberse casado"},"content":{"rendered":"\n<p>Tras ser vinculada a otro hombre, la cantante rompi\u00f3 el silencio y fue clar\u00edsima con los motivos que la llevaron a pedir el divorcio.<\/p>\n\n\n\n<p><strong>Cande Tinelli\u00a0<\/strong>fue vista con un hombre y los rumores de romance no tardaron en aparecer. Este lunes fue consultada por\u00a0<em>LAM (Am\u00e9rica)<\/em>\u00a0al respecto y tras negar cualquier tipo de affaire aprovech\u00f3 para contar lo que todos quer\u00edan saber:\u00a0<strong>qu\u00e9 fue lo que realmente pas\u00f3 con Coti Sorokin.<\/strong><\/p>\n\n\n\n<p>\u201cSomos dos personas muy intensas y siempre fuimos de 0 a 100.&nbsp;<strong>Tuvimos buenos y malos momentos<\/strong>, nos separamos y cuando volvimos quisimos apostar por todo, quiz\u00e1s de manera muy acelerada. M\u00e1s all\u00e1 del casamiento, que puede ser algo simb\u00f3lico, hoy no tiene el peso que ten\u00eda antes&#8221;, sostuvo, y aclar\u00f3 que conserva un excelente v\u00ednculo con su exmarido.<\/p>\n\n\n\n<p>La hija de Marcelo Tinelli se\u00f1al\u00f3 que por ahora no quiere formar pareja, y aclar\u00f3 que \u201cnunca m\u00e1s\u201d volver\u00e1 a pasar por el registro civil. \u201cCreo que hoy en d\u00eda es muy dif\u00edcil tener una relaci\u00f3n. Me parece que, en estos tiempos, es m\u00e1s complicado. Uno est\u00e1 m\u00e1s ego\u00edsta, tiene sus actividades, no cede el tiempo por cualquiera. No es f\u00e1cil convivir, tenemos menos tolerancia y menos responsabilidad afectiva. Creo que fue un poco de todo. Fue algo apresurado, pero no me arrepiento. Uno aprende de todo\u201d, sentenci\u00f3.<\/p>\n\n\n\n<figure class=\"wp-block-image\"><img decoding=\"async\" src=\"https:\/\/tn.com.ar\/resizer\/v2\/cande-tinelli-y-coti-sorokin-tuvieron-varias-idas-y-vueltas-pero-tras-el-casamiento-todo-se-derrumbo-foto-instagramcotioficial-ZWY3G2HZOVFOHJY5DZH6LQ3N24.jpg?auth=ba95b0bac7bee4b3f14340b587d56473a35f8f9c5bb00b126c8a3cfe71f883ac&amp;width=767\" alt=\"Cande Tinelli y Coti Sorokin tuvieron varias idas y vueltas, pero tras el casamiento todo se derrumb\u00f3. (Foto: Instagram\/cotioficial)\"\/><\/figure>\n\n\n\n<h2 class=\"wp-block-heading\">Qu\u00e9 se dijo sobre la separaci\u00f3n de Cande Tinelli<\/h2>\n\n\n\n<p>La separaci\u00f3n de Cande Tinelli y Coti Sorokin se conoci\u00f3 en enero a trav\u00e9s de&nbsp;<em>LAM (Am\u00e9rica)<\/em>, donde aseguraron que ya no se aguantaban. En medio del duelo amoroso y el regreso en solitario del m\u00fasico a Buenos Aires, la joven opt\u00f3 por quedarse en Punta del Este con su pap\u00e1, Marcelo Tinelli, y hermanos. Sus animales tambi\u00e9n fueron un gran refugio en ese momento especial.<\/p>\n\n\n\n<p>En di\u00e1logo con<em>&nbsp;El Diario de Mariana (eltrece)<\/em>, Lel\u00e9 -como le dicen cari\u00f1osamente- intent\u00f3 ser sincera al referirse al distanciamiento del m\u00fasico:&nbsp;<strong>\u201cVen\u00edamos mal, muy mal<\/strong>.&nbsp;<strong>Estamos viendo c\u00f3mo seguir<\/strong>.&nbsp;<strong>Dej\u00e9 todo por \u00e9l y me olvid\u00e9 de m\u00ed, ja. Pero nada es suficiente a veces<\/strong>. Soy fuerte, voy a estar bien\u201d.<\/p>\n\n\n\n<figure class=\"wp-block-image\"><img decoding=\"async\" src=\"https:\/\/tn.com.ar\/resizer\/v2\/cande-tinelli-y-coti-sorokin-un-matrimonio-que-duro-menos-de-un-ano-foto-instagramcandelariatinelli-6QMTRDGHINEZRALD77DPDBOE2U.jpg?auth=0c34d6463f2e495f17421d7d1947e8cde7b4eb88a4d34d51129f572540d3e823&amp;width=767\" alt=\"Cande Tinelli y Coti Sorokin: un matrimonio que dur\u00f3 menos de un a\u00f1o. (Foto: instagram\/candelariatinelli)\"\/><\/figure>\n\n\n\n<p>En las \u00faltimas semanas, Sorokin atraves\u00f3 un dif\u00edcil momento de salud y Tinelli no dud\u00f3 en visitarlo en la cl\u00ednica, donde le brind\u00f3 su ayuda. Sin embargo, de parte de la joven ya no hay ninguna posibilidad de reconciliaci\u00f3n, aunque reina la paz.<\/p>\n","protected":false},"excerpt":{"rendered":"<p>Tras ser vinculada a otro hombre, la cantante rompi\u00f3 el silencio y fue clar\u00edsima con los motivos que la llevaron a pedir el divorcio. Cande Tinelli\u00a0fue vista con un hombre&hellip; <\/p>\n","protected":false},"author":8,"featured_media":207426,"comment_status":"closed","ping_status":"open","sticky":false,"template":"","format":"standard","meta":{"footnotes":""},"categories":[19],"tags":[],"class_list":["post-207425","post","type-post","status-publish","format-standard","has-post-thumbnail","hentry","category-espectaculos"],"_links":{"self":[{"href":"https:\/\/corrientesdetarde.com\/index.php\/wp-json\/wp\/v2\/posts\/207425","targetHints":{"allow":["GET"]}}],"collection":[{"href":"https:\/\/corrientesdetarde.com\/index.php\/wp-json\/wp\/v2\/posts"}],"about":[{"href":"https:\/\/corrientesdetarde.com\/index.php\/wp-json\/wp\/v2\/types\/post"}],"author":[{"embeddable":true,"href":"https:\/\/corrientesdetarde.com\/index.php\/wp-json\/wp\/v2\/users\/8"}],"replies":[{"embeddable":true,"href":"https:\/\/corrientesdetarde.com\/index.php\/wp-json\/wp\/v2\/comments?post=207425"}],"version-history":[{"count":1,"href":"https:\/\/corrientesdetarde.com\/index.php\/wp-json\/wp\/v2\/posts\/207425\/revisions"}],"predecessor-version":[{"id":207427,"href":"https:\/\/corrientesdetarde.com\/index.php\/wp-json\/wp\/v2\/posts\/207425\/revisions\/207427"}],"wp:featuredmedia":[{"embeddable":true,"href":"https:\/\/corrientesdetarde.com\/index.php\/wp-json\/wp\/v2\/media\/207426"}],"wp:attachment":[{"href":"https:\/\/corrientesdetarde.com\/index.php\/wp-json\/wp\/v2\/media?parent=207425"}],"wp:term":[{"taxonomy":"category","embeddable":true,"href":"https:\/\/corrientesdetarde.com\/index.php\/wp-json\/wp\/v2\/categories?post=207425"},{"taxonomy":"post_tag","embeddable":true,"href":"https:\/\/corrientesdetarde.com\/index.php\/wp-json\/wp\/v2\/tags?post=207425"}],"curies":[{"name":"wp","href":"https:\/\/api.w.org\/{rel}","templated":true}]}}