{"id":207428,"date":"2025-05-13T19:53:28","date_gmt":"2025-05-13T22:53:28","guid":{"rendered":"https:\/\/corrientesdetarde.com\/?p=207428"},"modified":"2025-05-13T19:53:31","modified_gmt":"2025-05-13T22:53:31","slug":"un-joven-murio-de-un-balazo-tras-intentar-entrar-a-una-casa-a-robar-en-corrientes","status":"publish","type":"post","link":"https:\/\/corrientesdetarde.com\/index.php\/policiales\/un-joven-murio-de-un-balazo-tras-intentar-entrar-a-una-casa-a-robar-en-corrientes\/","title":{"rendered":"Un joven muri\u00f3 de un balazo tras intentar entrar a una casa a robar en Corrientes"},"content":{"rendered":"\n<p>La v\u00edctima ten\u00eda 27 a\u00f1os y antecedentes policiales. Fue encontrado herido en la vereda tras un presunto intento de ingreso a una casa, en la ciudad de Monte Caseros. Investigan si fue atacado por los moradores o un vecino.<\/p>\n\n\n\n<p>Un confuso y violento episodio ocurrido durante la madrugada de este lunes mantiene en vilo a la ciudad de Monte Caseros. Un joven de 27 a\u00f1os, identificado como Mi\u00f1o y conocido con el alias de &#8220;Bebe&#8221;, fue hallado con signos de haber recibido un disparo en la vereda de una vivienda ubicada sobre calle General Paz al 1200. Pese a que fue trasladado con vida al hospital local, muri\u00f3 minutos despu\u00e9s de ingresar.<\/p>\n\n\n\n<p>Seg\u00fan confirm\u00f3 el comisario Ariel Romero, la Polic\u00eda fue alertada cerca de las 4:20 por un llamado telef\u00f3nico que advert\u00eda sobre la presencia de un sujeto dentro de una casa. Al llegar, los efectivos de la Comisar\u00eda Tercera encontraron al hombre tendido en la vereda, con manchas de sangre y signos vitales d\u00e9biles.<\/p>\n\n\n\n<p>&#8220;El primer examen m\u00e9dico constat\u00f3 que ten\u00eda un orificio compatible con un disparo de arma de fuego a la altura de la cintura, lo que habr\u00eda provocado su fallecimiento&#8221;, precis\u00f3 Romero.<\/p>\n\n\n\n<p>La v\u00edctima contaba con antecedentes por distintos hechos delictivos y, seg\u00fan fuentes policiales, se encontraba bajo un r\u00e9gimen de libertad condicional.<\/p>\n\n\n\n<p>El caso es investigado para determinar c\u00f3mo se produjo la herida que termin\u00f3 con su vida y si fue agredido por alguien del domicilio al que habr\u00eda intentado ingresar o por otra persona de la zona. El cuerpo ser\u00e1 sometido a una autopsia para esclarecer las causas exactas del deceso.<\/p>\n\n\n\n<p>Las actuaciones est\u00e1n a cargo de la Comisar\u00eda Tercera de Monte Caseros, que inici\u00f3 un legajo judicial de oficio y contin\u00faa con la toma de declaraciones y an\u00e1lisis de evidencias.<\/p>\n","protected":false},"excerpt":{"rendered":"<p>La v\u00edctima ten\u00eda 27 a\u00f1os y antecedentes policiales. Fue encontrado herido en la vereda tras un presunto intento de ingreso a una casa, en la ciudad de Monte Caseros. Investigan&hellip; <\/p>\n","protected":false},"author":4,"featured_media":207436,"comment_status":"closed","ping_status":"open","sticky":false,"template":"","format":"standard","meta":{"footnotes":""},"categories":[33],"tags":[],"class_list":["post-207428","post","type-post","status-publish","format-standard","has-post-thumbnail","hentry","category-policiales"],"_links":{"self":[{"href":"https:\/\/corrientesdetarde.com\/index.php\/wp-json\/wp\/v2\/posts\/207428","targetHints":{"allow":["GET"]}}],"collection":[{"href":"https:\/\/corrientesdetarde.com\/index.php\/wp-json\/wp\/v2\/posts"}],"about":[{"href":"https:\/\/corrientesdetarde.com\/index.php\/wp-json\/wp\/v2\/types\/post"}],"author":[{"embeddable":true,"href":"https:\/\/corrientesdetarde.com\/index.php\/wp-json\/wp\/v2\/users\/4"}],"replies":[{"embeddable":true,"href":"https:\/\/corrientesdetarde.com\/index.php\/wp-json\/wp\/v2\/comments?post=207428"}],"version-history":[{"count":1,"href":"https:\/\/corrientesdetarde.com\/index.php\/wp-json\/wp\/v2\/posts\/207428\/revisions"}],"predecessor-version":[{"id":207437,"href":"https:\/\/corrientesdetarde.com\/index.php\/wp-json\/wp\/v2\/posts\/207428\/revisions\/207437"}],"wp:featuredmedia":[{"embeddable":true,"href":"https:\/\/corrientesdetarde.com\/index.php\/wp-json\/wp\/v2\/media\/207436"}],"wp:attachment":[{"href":"https:\/\/corrientesdetarde.com\/index.php\/wp-json\/wp\/v2\/media?parent=207428"}],"wp:term":[{"taxonomy":"category","embeddable":true,"href":"https:\/\/corrientesdetarde.com\/index.php\/wp-json\/wp\/v2\/categories?post=207428"},{"taxonomy":"post_tag","embeddable":true,"href":"https:\/\/corrientesdetarde.com\/index.php\/wp-json\/wp\/v2\/tags?post=207428"}],"curies":[{"name":"wp","href":"https:\/\/api.w.org\/{rel}","templated":true}]}}