{"id":207434,"date":"2025-05-13T20:14:00","date_gmt":"2025-05-13T23:14:00","guid":{"rendered":"https:\/\/corrientesdetarde.com\/?p=207434"},"modified":"2025-05-13T20:14:12","modified_gmt":"2025-05-13T23:14:12","slug":"murio-jose-pepe-mujica","status":"publish","type":"post","link":"https:\/\/corrientesdetarde.com\/index.php\/locales\/murio-jose-pepe-mujica\/","title":{"rendered":"Muri\u00f3 Jos\u00e9 &#8220;Pepe&#8221; Mujica"},"content":{"rendered":"\n<p>El ex mandatario uruguayo falleci\u00f3 a los 89 a\u00f1os, enfermo de c\u00e1ncer. Luch\u00f3 contra el sistema pol\u00edtico, estuvo preso 14 a\u00f1os pero se adapt\u00f3 a las reglas del sistema democr\u00e1tico y se convirti\u00f3 en su figura m\u00e1s popular. Su espacio pol\u00edtico es desde hace d\u00e9cadas el m\u00e1s votado y el actual presidente, Yamand\u00fa Orsi, su delf\u00edn.<\/p>\n\n\n\n<p>La muerte de Jos\u00e9 Mujica fue anunciada por el presidente uruguayo Yamand\u00fa Orsi. Desde hac\u00eda tiempo, el ex presidente (2010-2015), popularmente conocido como &#8220;el m\u00e1s pobre del mundo&#8221;, dec\u00eda que era parte de una generaci\u00f3n que se est\u00e1 yendo. Pero en abril del a\u00f1o pasado ese comentario dej\u00f3 de ser un lugar com\u00fan de un veterano sabio para convertirse en una realidad probable.<\/p>\n\n\n\n<p>&#8220;Con profundo dolor comunicamos que falleci\u00f3 nuestro compa\u00f1ero Pepe Mujica. Presidente, militante, referente y conductor. Te vamos a extra\u00f1ar mucho Viejo querido. Gracias por todo lo que nos diste y por tu profundo amor por tu pueblo&#8221;, inform\u00f3 Orsi.<\/p>\n\n\n\n<figure class=\"wp-block-image\"><img decoding=\"async\" src=\"https:\/\/www.radiodos.com.ar\/content\/bucket\/2\/252562w380h284c.jpg.webp\" alt=\"\"\/><\/figure>\n\n\n\n<p>En abril de 2024 Mujica llam\u00f3 de forma sorpresiva a una conferencia de prensa para anunciar \u00e9l mismo que ten\u00eda c\u00e1ncer de es\u00f3fago. Despu\u00e9s de eso vinieron 32 sesiones de radioterapia, la desaparici\u00f3n de los indicios del tumor y una dolorosa recuperaci\u00f3n con varias internaciones por los problemas para alimentarse que sufri\u00f3 el hist\u00f3rico dirigente de la izquierda.<\/p>\n\n\n\n<p>Pero luego lleg\u00f3 la noticia que son\u00f3 como definitiva. Otra vez \u00e9l mismo, en enero de 2025 y en este caso en una entrevista con B\u00fasqueda, inform\u00f3 que su c\u00e1ncer hab\u00eda hecho met\u00e1stasis y dej\u00f3 un mensaje de despedida a la poblaci\u00f3n. &#8220;Hasta ac\u00e1 llegu\u00e9&#8221;, dijo, y pidi\u00f3 que lo dejaran tranquilo, que no le solicitaran m\u00e1s entrevistas, que le dejaran atravesar la etapa final de su vida en su chacra, andando en tractor y recorriendo sus plantaciones.<\/p>\n\n\n\n<p>Ese pedido no se cumplir\u00eda. Debilitado, Mujica seguir\u00eda siendo parte de la vida pol\u00edtica de Uruguay y en su chacra recibir\u00eda a presidentes, ex mandatarios, periodistas y artistas. Tambi\u00e9n tendr\u00eda tiempo para salir de su casa a actos militantes y para la asunci\u00f3n del nuevo Parlamento y el nuevo presidente de Uruguay.<\/p>\n","protected":false},"excerpt":{"rendered":"<p>El ex mandatario uruguayo falleci\u00f3 a los 89 a\u00f1os, enfermo de c\u00e1ncer. Luch\u00f3 contra el sistema pol\u00edtico, estuvo preso 14 a\u00f1os pero se adapt\u00f3 a las reglas del sistema democr\u00e1tico&hellip; <\/p>\n","protected":false},"author":4,"featured_media":207440,"comment_status":"closed","ping_status":"open","sticky":false,"template":"","format":"standard","meta":{"footnotes":""},"categories":[8],"tags":[],"class_list":["post-207434","post","type-post","status-publish","format-standard","has-post-thumbnail","hentry","category-locales"],"_links":{"self":[{"href":"https:\/\/corrientesdetarde.com\/index.php\/wp-json\/wp\/v2\/posts\/207434","targetHints":{"allow":["GET"]}}],"collection":[{"href":"https:\/\/corrientesdetarde.com\/index.php\/wp-json\/wp\/v2\/posts"}],"about":[{"href":"https:\/\/corrientesdetarde.com\/index.php\/wp-json\/wp\/v2\/types\/post"}],"author":[{"embeddable":true,"href":"https:\/\/corrientesdetarde.com\/index.php\/wp-json\/wp\/v2\/users\/4"}],"replies":[{"embeddable":true,"href":"https:\/\/corrientesdetarde.com\/index.php\/wp-json\/wp\/v2\/comments?post=207434"}],"version-history":[{"count":1,"href":"https:\/\/corrientesdetarde.com\/index.php\/wp-json\/wp\/v2\/posts\/207434\/revisions"}],"predecessor-version":[{"id":207441,"href":"https:\/\/corrientesdetarde.com\/index.php\/wp-json\/wp\/v2\/posts\/207434\/revisions\/207441"}],"wp:featuredmedia":[{"embeddable":true,"href":"https:\/\/corrientesdetarde.com\/index.php\/wp-json\/wp\/v2\/media\/207440"}],"wp:attachment":[{"href":"https:\/\/corrientesdetarde.com\/index.php\/wp-json\/wp\/v2\/media?parent=207434"}],"wp:term":[{"taxonomy":"category","embeddable":true,"href":"https:\/\/corrientesdetarde.com\/index.php\/wp-json\/wp\/v2\/categories?post=207434"},{"taxonomy":"post_tag","embeddable":true,"href":"https:\/\/corrientesdetarde.com\/index.php\/wp-json\/wp\/v2\/tags?post=207434"}],"curies":[{"name":"wp","href":"https:\/\/api.w.org\/{rel}","templated":true}]}}