{"id":207435,"date":"2025-05-13T20:05:13","date_gmt":"2025-05-13T23:05:13","guid":{"rendered":"https:\/\/corrientesdetarde.com\/?p=207435"},"modified":"2025-05-13T20:05:16","modified_gmt":"2025-05-13T23:05:16","slug":"valdes-recorrio-la-obra-en-construccion-del-hotel-marriott","status":"publish","type":"post","link":"https:\/\/corrientesdetarde.com\/index.php\/actualidad\/valdes-recorrio-la-obra-en-construccion-del-hotel-marriott\/","title":{"rendered":"Vald\u00e9s recorri\u00f3 la obra en construcci\u00f3n del Hotel Marriott"},"content":{"rendered":"\n<p>El mandatario consider\u00e1 a la obra como&#8221;una de las inversiones en infraestructura de mayor envergadura de Corrientes&#8221;.&nbsp;<\/p>\n\n\n\n<p>El gobernador Gustavo Vald\u00e9s, este martes, visit\u00f3 la construcci\u00f3n del Hotel Marriott ubicado por la Costanera Sur de Corrientes Capital. Sobre la misma, a trav\u00e9s de sus redes sociales, asegur\u00f3 que es &#8220;una de las inversiones en infraestructura de mayor envergadura de Corrientes, que avanza firmemente y jerarquizar\u00e1 la calidad de los servicios tur\u00edsticos de la ciudad&#8221;.<\/p>\n\n\n\n<p>Asimismo, el mandatario afirm\u00f3 que &#8220;su construcci\u00f3n emplea directamente a 250 personas gracias a que hay un Gobierno, el nuestro, que fomenta y protege la inversi\u00f3n privada&#8221;. De esta manera, se busca que mediante la colaboraci\u00f3n entre el sector p\u00fablico y el privado se puedan crear alianzas estrat\u00e9gicas para el desarrollo de nuevos productos y servicios.<\/p>\n\n\n\n<figure class=\"wp-block-image\"><img decoding=\"async\" src=\"https:\/\/www.radiodos.com.ar\/content\/bucket\/5\/261645h720.jpg.webp\" alt=\"hotel 1.jpg\"\/><\/figure>\n\n\n\n<figure class=\"wp-block-image\"><img decoding=\"async\" src=\"https:\/\/www.radiodos.com.ar\/content\/bucket\/6\/261646h720.jpg.webp\" alt=\"hotel 2.jpg\"\/><\/figure>\n\n\n\n<figure class=\"wp-block-image\"><img decoding=\"async\" src=\"https:\/\/www.radiodos.com.ar\/content\/bucket\/7\/261647h720.jpg.webp\" alt=\"hotel 3.jpg\"\/><\/figure>\n\n\n\n<p>&#8220;El Marriott sofisticar\u00e1 a Corrientes, que con su notable desarrollo necesita de emprendimientos que, como \u00e9ste, eleven su nivel. \u00a1Adelante!&#8221;, finaliz\u00f3 el jefe del Ejecutivo Provincial.<\/p>\n","protected":false},"excerpt":{"rendered":"<p>El mandatario consider\u00e1 a la obra como&#8221;una de las inversiones en infraestructura de mayor envergadura de Corrientes&#8221;.&nbsp; El gobernador Gustavo Vald\u00e9s, este martes, visit\u00f3 la construcci\u00f3n del Hotel Marriott ubicado&hellip; <\/p>\n","protected":false},"author":4,"featured_media":207438,"comment_status":"closed","ping_status":"open","sticky":false,"template":"","format":"standard","meta":{"footnotes":""},"categories":[23],"tags":[],"class_list":["post-207435","post","type-post","status-publish","format-standard","has-post-thumbnail","hentry","category-actualidad"],"_links":{"self":[{"href":"https:\/\/corrientesdetarde.com\/index.php\/wp-json\/wp\/v2\/posts\/207435","targetHints":{"allow":["GET"]}}],"collection":[{"href":"https:\/\/corrientesdetarde.com\/index.php\/wp-json\/wp\/v2\/posts"}],"about":[{"href":"https:\/\/corrientesdetarde.com\/index.php\/wp-json\/wp\/v2\/types\/post"}],"author":[{"embeddable":true,"href":"https:\/\/corrientesdetarde.com\/index.php\/wp-json\/wp\/v2\/users\/4"}],"replies":[{"embeddable":true,"href":"https:\/\/corrientesdetarde.com\/index.php\/wp-json\/wp\/v2\/comments?post=207435"}],"version-history":[{"count":1,"href":"https:\/\/corrientesdetarde.com\/index.php\/wp-json\/wp\/v2\/posts\/207435\/revisions"}],"predecessor-version":[{"id":207439,"href":"https:\/\/corrientesdetarde.com\/index.php\/wp-json\/wp\/v2\/posts\/207435\/revisions\/207439"}],"wp:featuredmedia":[{"embeddable":true,"href":"https:\/\/corrientesdetarde.com\/index.php\/wp-json\/wp\/v2\/media\/207438"}],"wp:attachment":[{"href":"https:\/\/corrientesdetarde.com\/index.php\/wp-json\/wp\/v2\/media?parent=207435"}],"wp:term":[{"taxonomy":"category","embeddable":true,"href":"https:\/\/corrientesdetarde.com\/index.php\/wp-json\/wp\/v2\/categories?post=207435"},{"taxonomy":"post_tag","embeddable":true,"href":"https:\/\/corrientesdetarde.com\/index.php\/wp-json\/wp\/v2\/tags?post=207435"}],"curies":[{"name":"wp","href":"https:\/\/api.w.org\/{rel}","templated":true}]}}