{"id":207446,"date":"2025-05-13T20:21:29","date_gmt":"2025-05-13T23:21:29","guid":{"rendered":"https:\/\/corrientesdetarde.com\/?p=207446"},"modified":"2025-05-13T20:21:32","modified_gmt":"2025-05-13T23:21:32","slug":"gianinna-lloro-al-hablar-de-la-internacion-domiciliaria-fue-una-manipulacion-horrible","status":"publish","type":"post","link":"https:\/\/corrientesdetarde.com\/index.php\/policiales\/gianinna-lloro-al-hablar-de-la-internacion-domiciliaria-fue-una-manipulacion-horrible\/","title":{"rendered":"Gianinna llor\u00f3 al hablar de la internaci\u00f3n domiciliaria: &#8220;Fue una manipulaci\u00f3n horrible&#8221;"},"content":{"rendered":"\n<p>La hija del Diez declara este martes ante los jueces del TOC N\u00ba3 de San Isidro. Su duro relato al recordar el \u00faltimo cumplea\u00f1os de Diego.<\/p>\n\n\n\n<p>Acompa\u00f1ada de su hijo Benjam\u00edn Ag\u00fcero, su hermana Dalma y su mam\u00e1, Claudia Villafa\u00f1e, Gianinna Maradona lleg\u00f3 este martes al TOC N\u00ba3 de San Isidro para declarar en el marco de la 17\u00aa audiencia del juicio por la muerte de su padre, Diego, el m\u00e1ximo \u00eddolo del f\u00fatbol argentino.<\/p>\n\n\n\n<p>&nbsp;<br>Su testimonio comenz\u00f3 pasadas las 12 del mediod\u00eda. Desde adentro de la sala, adem\u00e1s de los jueces y los abogados de ambas partes, tambi\u00e9n escuchan su testimonio tres de los siete imputados en la causa; su hijo, sus hermanas Jana y Dalma Maradona y la ex pareja del futbolista, Ver\u00f3nica Ojeda.<\/p>\n\n\n\n<p>&nbsp;<br>Gianinna empez\u00f3 su declaraci\u00f3n con un duro recuerdo del 10 de octubre de 2020, un mes y medio antes de la muerte del Diez. Para ese entonces, describi\u00f3 que su padre ya estaba diminuido f\u00edsicamente y desorientado.<\/p>\n\n\n\n<p>&#8220;El 10 de octubre habl\u00e9 con mi pap\u00e1 y le pregunt\u00e9 c\u00f3mo estaba. No estaba muy bien. Me dijo: \u2018\u00bfc\u00f3mo voy a estar bien si pas\u00e9 mi cumplea\u00f1os solo?\u2019. Yo le dije que no hab\u00eda sido su cumplea\u00f1os, que no lo hab\u00eda pasado solo. Le record\u00e9 que cumpl\u00eda el 30 de ese mes. Estaba perdido en tiempo y espacio, b\u00e1sicamente&#8221;, relat\u00f3.<\/p>\n\n\n\n<p>&nbsp;<br>A partir de ese d\u00eda, seg\u00fan su relato, estableci\u00f3 su primer contacto con el imputado Leopoldo Luque, a quien defini\u00f3 como el m\u00e9dico de cabecera de su pap\u00e1. Pidi\u00f3 comunicarse con \u00e9l porque no lo ve\u00eda bien a Diego.<\/p>\n\n\n\n<p>&#8220;Le dije que lo ve\u00eda mal, que adem\u00e1s de no verlo feliz lo ve\u00eda muy perdido, lento, que cada vez pod\u00eda caminar menos. Luque me dijo que lo estaba cuidando. Me habl\u00f3 de Cosachov, que era una psiquiatra que hab\u00edan puesto para medicarlo de forma correcta, y tambi\u00e9n me habl\u00f3 de D\u00edaz, el psic\u00f3logo. Me dijo que ten\u00eda d\u00edas buenos y d\u00edas malos, pero que cada vez estaba mejor. Ellos no ve\u00edan lo mismo que yo&#8221;, dijo la testigo sobre Maradona.<\/p>\n\n\n\n<p>Luego Gianinna habl\u00f3 del verdadero d\u00eda del cumplea\u00f1os de Diego, cuando cont\u00f3 que lo fue a saludar a su casa de La Plata y, ante los jueces del tribunal sanisidrense, volvi\u00f3 a relatar una triste escena que marc\u00f3 el inicio de lo que vendr\u00eda despu\u00e9s.<\/p>\n\n\n\n<p>&#8220;Cuando llegamos el d\u00eda del cumplea\u00f1os a Brandsen, el 30 de octubre, entr\u00e9 a la casa, \u00e9l estaba sentado en un fog\u00f3n. Lo fuimos a saludar con mi hijo que ten\u00eda una remera de \u00e9l abrazando a (Claudio) Caniggia. Se la muestra, \u00e9l lo mira y no se reconoce (en la imagen). Hab\u00eda mucha gente a su alrededor, pero nadie se daba cuenta de la situaci\u00f3n&#8221;, cont\u00f3 la hija del ex DT.<\/p>\n\n\n\n<p>Gianinna record\u00f3 que en esa oportunidad le pregunt\u00f3 a su pap\u00e1 si se quer\u00eda ir con ella, dijo que \u00e9l le contest\u00f3 que s\u00ed y que se tir\u00f3 a sus brazos &#8220;como cuando un nene de 9 meses se te tira encima&#8221;.<\/p>\n\n\n\n<p>&#8220;Sab\u00eda que lo ten\u00eda que hacer todo muy r\u00e1pido porque ya hab\u00eda intentado llev\u00e1rmelo otras veces y no lo dejaron. Pero no pude: lo vinieron a buscar porque ten\u00eda que cumplir un contrato y a m\u00ed, a mi hijo y a mi amigo nos sac\u00f3 la polic\u00eda. A \u00e9l lo llevaron a la cancha, donde todos lo vieron mal, no se pod\u00eda ni poner el barbijo. No estaba apto ni siquiera para ver su imagen en la camiseta de su hijo&#8221;, record\u00f3 sobre su aparici\u00f3n p\u00fablica en el estadio de Gimnasia.<\/p>\n\n\n\n<p>D\u00edas despu\u00e9s de ese 30 de octubre, a Maradona le encontraron un hematoma subdural en la cabeza y lo trasladaron a la Cl\u00ednica Olivos para operarlo. Tras esa cirug\u00eda, comenzaron las conversaciones a contra reloj para definir d\u00f3nde Diego continuar\u00eda su rehabilitaci\u00f3n.<\/p>\n\n\n\n<p>En su declaraci\u00f3n, Gianinna coincidi\u00f3 con sus hermanas Dalma y Jana al se\u00f1alar que accedi\u00f3 a la internaci\u00f3n domiciliaria en Tigre por recomendaci\u00f3n de Luque y Cosachov, los m\u00e9dicos a cargo de la salud de su pap\u00e1. &#8220;La propuesta era una internaci\u00f3n domiciliaria seria que nunca cumplieron&#8221;, asegur\u00f3.<\/p>\n\n\n\n<p>&#8220;Yo no estaba tan de acuerdo con esa idea porque ya hab\u00edamos pasado una internaci\u00f3n en un neuropsiqui\u00e1trico con mi pap\u00e1 y hab\u00eda salido muy bien. Pero eleg\u00ed creer en Luque, Cosachov y D\u00edaz, que lo ven\u00edan siguiendo a mi pap\u00e1. Siempre con el acompa\u00f1amiento de la prepaga&#8221;, relat\u00f3 Gianinna. Y agreg\u00f3: &#8220;Ese d\u00eda me puse contenta porque pens\u00e9 que mi pap\u00e1 ten\u00eda una oportunidad de nuevo&#8221;.<\/p>\n\n\n\n<p>Sin embargo, dijo que &#8220;con el diario del lunes&#8221; se dio cuenta de que &#8220;fue todo una puesta en escena&#8221;. &#8220;Una obra de teatro que nos montaron para seguir con lo que ellos buscaban, que era seguir teniendo a mi pap\u00e1 en un lugar oscuro, feo y solo&#8221;, declar\u00f3.<\/p>\n\n\n\n<p>Durante su relato, el fiscal Patricio Ferrari reprodujo el audio de la reuni\u00f3n en Cl\u00ednica Olivos, donde se decidi\u00f3 la externaci\u00f3n de Maradona. El rol de Gianinna ante este archivo fue reconocer las voces de los participantes (m\u00e9dicos y familiares) y constatar esa charla, que lo hizo.<\/p>\n\n\n\n<p>Al finalizar la reproducci\u00f3n del material, que dur\u00f3 m\u00e1s de una hora, la hija de Diego se\u00f1al\u00f3: &#8220;Me caus\u00f3 mucho dolor, llorar no pude evitarlo. Me parece muy injusto toda esa charla, todo lo que se prometi\u00f3 y no se cumpli\u00f3, los responsables que hablaban ah\u00ed y nos aseguraban cosas que despu\u00e9s no pasaron. Siento que fue una manipulaci\u00f3n horrible&#8221;.<\/p>\n\n\n\n<p>&nbsp;<br>El d\u00eda que Diego se fue de la cl\u00ednica, sus familiares debieron firmar el acta de externaci\u00f3n: &#8220;Para m\u00ed est\u00e1bamos firmando una internaci\u00f3n domiciliaria seria, despu\u00e9s no fue as\u00ed&#8221;.<\/p>\n\n\n\n<p>En su declaraci\u00f3n, Gianinna aval\u00f3 los dichos de la psiquiatra Cosachov, quien asegur\u00f3 que ella le habr\u00eda pedido toda la aparatolog\u00eda y el personal necesario para la rehabilitaci\u00f3n del Diez.<\/p>\n\n\n\n<p>No obstante, la hija del Diez no le quit\u00f3 responsabilidad a la psiquiatra: &#8220;La prepaga se compromet\u00eda a dar las cosas que ped\u00edan, pero ellos (Luque, Cosachov y D\u00edaz) eran los responsables. De hecho, Luque se compromete a no estar todos los d\u00edas, pero s\u00ed a llevar un seguimiento y definir el m\u00e9dico cl\u00ednico&#8221;.<\/p>\n\n\n\n<p><\/p>\n","protected":false},"excerpt":{"rendered":"<p>La hija del Diez declara este martes ante los jueces del TOC N\u00ba3 de San Isidro. Su duro relato al recordar el \u00faltimo cumplea\u00f1os de Diego. Acompa\u00f1ada de su hijo&hellip; <\/p>\n","protected":false},"author":4,"featured_media":207447,"comment_status":"closed","ping_status":"open","sticky":false,"template":"","format":"standard","meta":{"footnotes":""},"categories":[33],"tags":[],"class_list":["post-207446","post","type-post","status-publish","format-standard","has-post-thumbnail","hentry","category-policiales"],"_links":{"self":[{"href":"https:\/\/corrientesdetarde.com\/index.php\/wp-json\/wp\/v2\/posts\/207446","targetHints":{"allow":["GET"]}}],"collection":[{"href":"https:\/\/corrientesdetarde.com\/index.php\/wp-json\/wp\/v2\/posts"}],"about":[{"href":"https:\/\/corrientesdetarde.com\/index.php\/wp-json\/wp\/v2\/types\/post"}],"author":[{"embeddable":true,"href":"https:\/\/corrientesdetarde.com\/index.php\/wp-json\/wp\/v2\/users\/4"}],"replies":[{"embeddable":true,"href":"https:\/\/corrientesdetarde.com\/index.php\/wp-json\/wp\/v2\/comments?post=207446"}],"version-history":[{"count":1,"href":"https:\/\/corrientesdetarde.com\/index.php\/wp-json\/wp\/v2\/posts\/207446\/revisions"}],"predecessor-version":[{"id":207448,"href":"https:\/\/corrientesdetarde.com\/index.php\/wp-json\/wp\/v2\/posts\/207446\/revisions\/207448"}],"wp:featuredmedia":[{"embeddable":true,"href":"https:\/\/corrientesdetarde.com\/index.php\/wp-json\/wp\/v2\/media\/207447"}],"wp:attachment":[{"href":"https:\/\/corrientesdetarde.com\/index.php\/wp-json\/wp\/v2\/media?parent=207446"}],"wp:term":[{"taxonomy":"category","embeddable":true,"href":"https:\/\/corrientesdetarde.com\/index.php\/wp-json\/wp\/v2\/categories?post=207446"},{"taxonomy":"post_tag","embeddable":true,"href":"https:\/\/corrientesdetarde.com\/index.php\/wp-json\/wp\/v2\/tags?post=207446"}],"curies":[{"name":"wp","href":"https:\/\/api.w.org\/{rel}","templated":true}]}}