{"id":207449,"date":"2025-05-13T20:31:23","date_gmt":"2025-05-13T23:31:23","guid":{"rendered":"https:\/\/corrientesdetarde.com\/?p=207449"},"modified":"2025-05-13T20:31:34","modified_gmt":"2025-05-13T23:31:34","slug":"mas-de-700-estudiantes-de-lavalle-recibieron-netbooks","status":"publish","type":"post","link":"https:\/\/corrientesdetarde.com\/index.php\/actualidad\/mas-de-700-estudiantes-de-lavalle-recibieron-netbooks\/","title":{"rendered":"M\u00e1s de 700 estudiantes de Lavalle recibieron netbooks"},"content":{"rendered":"\n<p>La actividad se desarroll\u00f3 con la presencia de autoridades locales y directivos escolares. Tambi\u00e9n hubo representantes del gabinete educativo.<\/p>\n\n\n\n<p>Este martes 13, m\u00e1s de 700 estudiantes de escuelas secundarias de Lavalle accedieron a computadoras port\u00e1tiles en el marco del programa Incluir Futuro. La entrega se realiz\u00f3 en un acto oficial que reuni\u00f3 a autoridades educativas, municipales y a integrantes de la comunidad escolar.<\/p>\n\n\n\n<p>Los dispositivos fueron destinados a alumnas y alumnos del Colegio Secundario Rub\u00e9n Dar\u00edo Casco (Lavalle), el Colegio Secundario Puerto Viejo y la EFA Santa Luc\u00eda (La Bolsa), con el objetivo de fortalecer el acceso a herramientas digitales para el aprendizaje.<\/p>\n\n\n\n<p>Durante la jornada, la ministra de Educaci\u00f3n, Pr\u00e1xedes L\u00f3pez, subray\u00f3 la importancia de acercar tecnolog\u00eda a las escuelas como parte de los desaf\u00edos actuales en la ense\u00f1anza. &#8220;Estos equipos vienen a transformar la educaci\u00f3n. Hoy toda la comunidad educativa de Lavalle tiene acceso a computadoras, y eso abre nuevas posibilidades&#8221;, afirm\u00f3.<\/p>\n\n\n\n<p>Tambi\u00e9n hizo un llamado a las familias para acompa\u00f1ar este proceso y destac\u00f3 el papel de los docentes en el uso pedag\u00f3gico de estas herramientas. Adem\u00e1s, invit\u00f3 a explorar plataformas educativas desarrolladas en la provincia, como Educa Play y Corrientes Play.<\/p>\n\n\n\n<p>Por su parte, el intendente Hugo Perrota expres\u00f3 que se trata de un paso importante para la igualdad de oportunidades en el \u00e1mbito escolar, al facilitar recursos que muchas veces no est\u00e1n al alcance de todos los estudiantes.<\/p>\n\n\n\n<p>Carlos Encina, director de Sistemas, detall\u00f3 que las netbooks fueron dise\u00f1adas para acompa\u00f1ar toda la trayectoria educativa en el nivel secundario. &#8220;Tienen todas las prestaciones necesarias para el uso escolar y en el hogar, y cuentan con un a\u00f1o de garant\u00eda. Es importante que los estudiantes las cuiden y aprovechen al m\u00e1ximo&#8221;, se\u00f1al\u00f3.&nbsp;Tags<\/p>\n","protected":false},"excerpt":{"rendered":"<p>La actividad se desarroll\u00f3 con la presencia de autoridades locales y directivos escolares. Tambi\u00e9n hubo representantes del gabinete educativo. Este martes 13, m\u00e1s de 700 estudiantes de escuelas secundarias de&hellip; <\/p>\n","protected":false},"author":4,"featured_media":207450,"comment_status":"closed","ping_status":"open","sticky":false,"template":"","format":"standard","meta":{"footnotes":""},"categories":[23],"tags":[],"class_list":["post-207449","post","type-post","status-publish","format-standard","has-post-thumbnail","hentry","category-actualidad"],"_links":{"self":[{"href":"https:\/\/corrientesdetarde.com\/index.php\/wp-json\/wp\/v2\/posts\/207449","targetHints":{"allow":["GET"]}}],"collection":[{"href":"https:\/\/corrientesdetarde.com\/index.php\/wp-json\/wp\/v2\/posts"}],"about":[{"href":"https:\/\/corrientesdetarde.com\/index.php\/wp-json\/wp\/v2\/types\/post"}],"author":[{"embeddable":true,"href":"https:\/\/corrientesdetarde.com\/index.php\/wp-json\/wp\/v2\/users\/4"}],"replies":[{"embeddable":true,"href":"https:\/\/corrientesdetarde.com\/index.php\/wp-json\/wp\/v2\/comments?post=207449"}],"version-history":[{"count":1,"href":"https:\/\/corrientesdetarde.com\/index.php\/wp-json\/wp\/v2\/posts\/207449\/revisions"}],"predecessor-version":[{"id":207451,"href":"https:\/\/corrientesdetarde.com\/index.php\/wp-json\/wp\/v2\/posts\/207449\/revisions\/207451"}],"wp:featuredmedia":[{"embeddable":true,"href":"https:\/\/corrientesdetarde.com\/index.php\/wp-json\/wp\/v2\/media\/207450"}],"wp:attachment":[{"href":"https:\/\/corrientesdetarde.com\/index.php\/wp-json\/wp\/v2\/media?parent=207449"}],"wp:term":[{"taxonomy":"category","embeddable":true,"href":"https:\/\/corrientesdetarde.com\/index.php\/wp-json\/wp\/v2\/categories?post=207449"},{"taxonomy":"post_tag","embeddable":true,"href":"https:\/\/corrientesdetarde.com\/index.php\/wp-json\/wp\/v2\/tags?post=207449"}],"curies":[{"name":"wp","href":"https:\/\/api.w.org\/{rel}","templated":true}]}}