{"id":207458,"date":"2025-05-13T20:47:30","date_gmt":"2025-05-13T23:47:30","guid":{"rendered":"https:\/\/corrientesdetarde.com\/?p=207458"},"modified":"2025-05-13T20:47:48","modified_gmt":"2025-05-13T23:47:48","slug":"alistan-un-encuentro-de-avistaje-de-aves-en-la-reserva-santa-catalina-como-inscribirse","status":"publish","type":"post","link":"https:\/\/corrientesdetarde.com\/index.php\/actualidad\/alistan-un-encuentro-de-avistaje-de-aves-en-la-reserva-santa-catalina-como-inscribirse\/","title":{"rendered":"Alistan un encuentro de avistaje de aves en la Reserva Santa Catalina: \u00bfc\u00f3mo inscribirse?"},"content":{"rendered":"\n<p>La Municipalidad invita a vecinos a sumarse al encuentro gratuito en el D\u00eda Mundial de Aves. Los cupos son limitados.&nbsp;<\/p>\n\n\n\n<p>La Reserva Natural Municipal Santa Catalina vivir\u00e1 una jornada de avistaje de aves, con acceso gratuito y el acompa\u00f1amiento de gu\u00edas.<strong>&nbsp;Ser\u00e1 el pr\u00f3ximo 17 de mayo, y los vecinos interesados deber\u00e1n inscribirse&nbsp;<a href=\"https:\/\/ciudaddecorrientes.gov.ar\/reservasantacatalina\" target=\"_blank\" rel=\"noreferrer noopener\">en este link<\/a>&nbsp;ya que los cupos son limitados.&nbsp;<\/strong><\/p>\n\n\n\n<p>La actividad se enmarca en el \u201cD\u00eda Mundial de las Aves\u201d y el \u201cD\u00eda Mundial de las Aves Migratorias\u201d, celebrado el pasado 10 de mayo, fecha en que estaba previsto este recorrido, pero las lluvias registradas obligaron a reprogramar la fecha.<img decoding=\"async\" alt=\"Alistan un encuentro de avistaje de aves en la Reserva Santa Catalina: c\u00f3mo inscribirse \" src=\"https:\/\/pxcdn.ellitoral.com.ar\/litoral\/052025\/1747170097780.jpg?cw=807\"><\/p>\n\n\n\n<p><br>El secretario de Coordinaci\u00f3n de Gobierno del municipio, Hugo Calvano, remarc\u00f3 que \u201cesta jornada es m\u00e1s extensa y dirigida principalmente a aquellas personas que les guste la observaci\u00f3n de aves, ya que la din\u00e1mica es identificarlas y hacer un registro de aquellas que detectamos en la reserva\u201d.&nbsp;<\/p>\n\n\n\n<p>Tambi\u00e9n que los interesados en sumarse a esta propuesta \u201cque tendr\u00e1 la particularidad de ser m\u00e1s extensa, de 7 a 12 horas, s\u00f3lo deben inscribirse a trav\u00e9s del siguiente link: ciudaddecorrientes.gov.ar\/reservasantacatalina o bien por MuniBot (3794-341768 opcion 7)\u201d.&nbsp;<\/p>\n","protected":false},"excerpt":{"rendered":"<p>La Municipalidad invita a vecinos a sumarse al encuentro gratuito en el D\u00eda Mundial de Aves. Los cupos son limitados.&nbsp; La Reserva Natural Municipal Santa Catalina vivir\u00e1 una jornada de&hellip; <\/p>\n","protected":false},"author":4,"featured_media":207466,"comment_status":"closed","ping_status":"open","sticky":false,"template":"","format":"standard","meta":{"footnotes":""},"categories":[23],"tags":[],"class_list":["post-207458","post","type-post","status-publish","format-standard","has-post-thumbnail","hentry","category-actualidad"],"_links":{"self":[{"href":"https:\/\/corrientesdetarde.com\/index.php\/wp-json\/wp\/v2\/posts\/207458","targetHints":{"allow":["GET"]}}],"collection":[{"href":"https:\/\/corrientesdetarde.com\/index.php\/wp-json\/wp\/v2\/posts"}],"about":[{"href":"https:\/\/corrientesdetarde.com\/index.php\/wp-json\/wp\/v2\/types\/post"}],"author":[{"embeddable":true,"href":"https:\/\/corrientesdetarde.com\/index.php\/wp-json\/wp\/v2\/users\/4"}],"replies":[{"embeddable":true,"href":"https:\/\/corrientesdetarde.com\/index.php\/wp-json\/wp\/v2\/comments?post=207458"}],"version-history":[{"count":2,"href":"https:\/\/corrientesdetarde.com\/index.php\/wp-json\/wp\/v2\/posts\/207458\/revisions"}],"predecessor-version":[{"id":207468,"href":"https:\/\/corrientesdetarde.com\/index.php\/wp-json\/wp\/v2\/posts\/207458\/revisions\/207468"}],"wp:featuredmedia":[{"embeddable":true,"href":"https:\/\/corrientesdetarde.com\/index.php\/wp-json\/wp\/v2\/media\/207466"}],"wp:attachment":[{"href":"https:\/\/corrientesdetarde.com\/index.php\/wp-json\/wp\/v2\/media?parent=207458"}],"wp:term":[{"taxonomy":"category","embeddable":true,"href":"https:\/\/corrientesdetarde.com\/index.php\/wp-json\/wp\/v2\/categories?post=207458"},{"taxonomy":"post_tag","embeddable":true,"href":"https:\/\/corrientesdetarde.com\/index.php\/wp-json\/wp\/v2\/tags?post=207458"}],"curies":[{"name":"wp","href":"https:\/\/api.w.org\/{rel}","templated":true}]}}