{"id":207459,"date":"2025-05-13T20:50:31","date_gmt":"2025-05-13T23:50:31","guid":{"rendered":"https:\/\/corrientesdetarde.com\/?p=207459"},"modified":"2025-05-13T20:50:35","modified_gmt":"2025-05-13T23:50:35","slug":"un-hombre-esta-grave-tras-perder-el-control-de-su-moto-e-impactar-contra-un-poste-de-luz","status":"publish","type":"post","link":"https:\/\/corrientesdetarde.com\/index.php\/sociales\/un-hombre-esta-grave-tras-perder-el-control-de-su-moto-e-impactar-contra-un-poste-de-luz\/","title":{"rendered":"Un hombre est\u00e1 grave tras perder el control de su moto e impactar contra un poste de luz"},"content":{"rendered":"\n<p>La v\u00edctima tiene 37 a\u00f1os y qued\u00f3 internado en el hospital Escuela.&nbsp;<\/p>\n\n\n\n<p>Un hombre est\u00e1 grave tras perder el control de su moto e impactar contra un poste de luz en la localidad correntina de Itat\u00ed, inform\u00f3 este martes la Polic\u00eda.&nbsp;<\/p>\n\n\n\n<p>El accidente se registr\u00f3 el lunes por la noche en inmediaciones de la calle Benigno Garay.&nbsp;<\/p>\n\n\n\n<p>Por causas que se tratan de establecer, el sujeto de 37 a\u00f1os, termin\u00f3 impactando contra un poste de alumbrado p\u00fablico.&nbsp;<\/p>\n\n\n\n<p>Debido al siniestro, la v\u00edctima fue asistido y trasladado al hospital Escuela de la capital provincial, donde se determin\u00f3 que presenta lesiones graves.&nbsp;<\/p>\n\n\n\n<p>En el lugar se realizaron las&nbsp;diligencias del caso.&nbsp;<\/p>\n","protected":false},"excerpt":{"rendered":"<p>La v\u00edctima tiene 37 a\u00f1os y qued\u00f3 internado en el hospital Escuela.&nbsp; Un hombre est\u00e1 grave tras perder el control de su moto e impactar contra un poste de luz&hellip; <\/p>\n","protected":false},"author":4,"featured_media":207464,"comment_status":"closed","ping_status":"open","sticky":false,"template":"","format":"standard","meta":{"footnotes":""},"categories":[17],"tags":[],"class_list":["post-207459","post","type-post","status-publish","format-standard","has-post-thumbnail","hentry","category-sociales"],"_links":{"self":[{"href":"https:\/\/corrientesdetarde.com\/index.php\/wp-json\/wp\/v2\/posts\/207459","targetHints":{"allow":["GET"]}}],"collection":[{"href":"https:\/\/corrientesdetarde.com\/index.php\/wp-json\/wp\/v2\/posts"}],"about":[{"href":"https:\/\/corrientesdetarde.com\/index.php\/wp-json\/wp\/v2\/types\/post"}],"author":[{"embeddable":true,"href":"https:\/\/corrientesdetarde.com\/index.php\/wp-json\/wp\/v2\/users\/4"}],"replies":[{"embeddable":true,"href":"https:\/\/corrientesdetarde.com\/index.php\/wp-json\/wp\/v2\/comments?post=207459"}],"version-history":[{"count":1,"href":"https:\/\/corrientesdetarde.com\/index.php\/wp-json\/wp\/v2\/posts\/207459\/revisions"}],"predecessor-version":[{"id":207471,"href":"https:\/\/corrientesdetarde.com\/index.php\/wp-json\/wp\/v2\/posts\/207459\/revisions\/207471"}],"wp:featuredmedia":[{"embeddable":true,"href":"https:\/\/corrientesdetarde.com\/index.php\/wp-json\/wp\/v2\/media\/207464"}],"wp:attachment":[{"href":"https:\/\/corrientesdetarde.com\/index.php\/wp-json\/wp\/v2\/media?parent=207459"}],"wp:term":[{"taxonomy":"category","embeddable":true,"href":"https:\/\/corrientesdetarde.com\/index.php\/wp-json\/wp\/v2\/categories?post=207459"},{"taxonomy":"post_tag","embeddable":true,"href":"https:\/\/corrientesdetarde.com\/index.php\/wp-json\/wp\/v2\/tags?post=207459"}],"curies":[{"name":"wp","href":"https:\/\/api.w.org\/{rel}","templated":true}]}}