{"id":207469,"date":"2025-05-13T22:06:33","date_gmt":"2025-05-14T01:06:33","guid":{"rendered":"https:\/\/corrientesdetarde.com\/?p=207469"},"modified":"2025-05-13T22:06:37","modified_gmt":"2025-05-14T01:06:37","slug":"la-china-suarez-rompio-el-silencio-su-relacion-con-mauro-icardi-y-la-posibilidad-de-volver-a-ser-madre","status":"publish","type":"post","link":"https:\/\/corrientesdetarde.com\/index.php\/espectaculos\/la-china-suarez-rompio-el-silencio-su-relacion-con-mauro-icardi-y-la-posibilidad-de-volver-a-ser-madre\/","title":{"rendered":"La China Su\u00e1rez rompi\u00f3 el silencio: su relaci\u00f3n con Mauro Icardi y la posibilidad de volver a ser madre"},"content":{"rendered":"\n<p>La actriz brind\u00f3 una entrevista en medio del esc\u00e1ndalo y se refiri\u00f3 al romance que est\u00e1 viviendo con el futbolista y a las chances de agrandar la familia.<\/p>\n\n\n\n<p>Despu\u00e9s de tanto esc\u00e1ndalo, la China Su\u00e1rez rompi\u00f3 el silencio en una entrevista con Gustavo M\u00e9ndez, en el marco del estreno del nuevo ciclo de streaming de Televisi\u00f3n P\u00fablica. All\u00ed, la actriz habl\u00f3 sin filtro de su relaci\u00f3n con Mauro Icardi y la posibilidad de volver ser madre.<\/p>\n\n\n\n<p><br>Sobre su relaci\u00f3n con el futbolista, Eugenia coment\u00f3 sin vueltas: &#8220;Me pasa que tenemos un nivel de compatibilidad que nunca hab\u00eda experimentado, y no lo digo para hablar mal de las personas con las que estuve&#8221;.<br>&nbsp;<\/p>\n\n\n\n<p>&nbsp;<br>&nbsp;&#8220;Nunca me hab\u00eda pasado de decir \u2018tengo todo en una persona\u2019. Esa cosa de compa\u00f1erismo, de querer hacer todo con la otra persona; cuando yo era de esas personas que necesitaba su espacio&#8221;, admiti\u00f3 la actriz. Y remarc\u00f3: &#8220;Re envejecer\u00eda al lado de esta persona&#8221;.<\/p>\n\n\n\n<p>&#8220;Cuando entra en confianza, \u00e9l es muy divertido. Nos re\u00edmos de las mismas cosas, tenemos el mismo humor negro. Somos muy similares&#8221;, sigui\u00f3 diciendo.<\/p>\n\n\n\n<p>&nbsp;<br>Luego, habl\u00f3 de c\u00f3mo es su personalidad cuando se enamora. &#8220;Cuando estoy enamorada manejo una intensidad, pero es con la misma intensidad que dejo de amar. Por eso a veces parezco fr\u00eda, pero&#8230; cuando amo, te doy todo. Mi coraz\u00f3n, mi confianza&#8221;, admiti\u00f3.<\/p>\n\n\n\n<p>Por otro lado, habl\u00f3 de su maternidad y de la posibilidad de agrandar la familia junto a Mauro Icardi. &#8220;Ser madre es mi gran pasi\u00f3n&#8221;, dijo sobre la experiencia de criar a sus hijos.<\/p>\n\n\n\n<p>En cuanto a su historia familiar, explic\u00f3: &#8220;Me cri\u00e9 con padres separados y para m\u00ed nunca fue un trauma gracias a ellos. Mi madre nunca me habl\u00f3 mal de mi padre ni mi padre de mi madre, y eso es lo que hago con mis hijos&#8221;.<\/p>\n\n\n\n<p>Sobre la posibilidad de seguir agrandando la familia, lanz\u00f3 en modo de broma: &#8220;Por ahora estoy bien. No te digo que cerr\u00e9 la f\u00e1brica, pero tres es mucho&#8221;.<\/p>\n","protected":false},"excerpt":{"rendered":"<p>La actriz brind\u00f3 una entrevista en medio del esc\u00e1ndalo y se refiri\u00f3 al romance que est\u00e1 viviendo con el futbolista y a las chances de agrandar la familia. Despu\u00e9s de&hellip; <\/p>\n","protected":false},"author":4,"featured_media":207470,"comment_status":"closed","ping_status":"open","sticky":false,"template":"","format":"standard","meta":{"footnotes":""},"categories":[19],"tags":[],"class_list":["post-207469","post","type-post","status-publish","format-standard","has-post-thumbnail","hentry","category-espectaculos"],"_links":{"self":[{"href":"https:\/\/corrientesdetarde.com\/index.php\/wp-json\/wp\/v2\/posts\/207469","targetHints":{"allow":["GET"]}}],"collection":[{"href":"https:\/\/corrientesdetarde.com\/index.php\/wp-json\/wp\/v2\/posts"}],"about":[{"href":"https:\/\/corrientesdetarde.com\/index.php\/wp-json\/wp\/v2\/types\/post"}],"author":[{"embeddable":true,"href":"https:\/\/corrientesdetarde.com\/index.php\/wp-json\/wp\/v2\/users\/4"}],"replies":[{"embeddable":true,"href":"https:\/\/corrientesdetarde.com\/index.php\/wp-json\/wp\/v2\/comments?post=207469"}],"version-history":[{"count":1,"href":"https:\/\/corrientesdetarde.com\/index.php\/wp-json\/wp\/v2\/posts\/207469\/revisions"}],"predecessor-version":[{"id":207490,"href":"https:\/\/corrientesdetarde.com\/index.php\/wp-json\/wp\/v2\/posts\/207469\/revisions\/207490"}],"wp:featuredmedia":[{"embeddable":true,"href":"https:\/\/corrientesdetarde.com\/index.php\/wp-json\/wp\/v2\/media\/207470"}],"wp:attachment":[{"href":"https:\/\/corrientesdetarde.com\/index.php\/wp-json\/wp\/v2\/media?parent=207469"}],"wp:term":[{"taxonomy":"category","embeddable":true,"href":"https:\/\/corrientesdetarde.com\/index.php\/wp-json\/wp\/v2\/categories?post=207469"},{"taxonomy":"post_tag","embeddable":true,"href":"https:\/\/corrientesdetarde.com\/index.php\/wp-json\/wp\/v2\/tags?post=207469"}],"curies":[{"name":"wp","href":"https:\/\/api.w.org\/{rel}","templated":true}]}}