{"id":207474,"date":"2025-05-13T20:57:23","date_gmt":"2025-05-13T23:57:23","guid":{"rendered":"https:\/\/corrientesdetarde.com\/?p=207474"},"modified":"2025-05-13T20:57:28","modified_gmt":"2025-05-13T23:57:28","slug":"errores-que-cometi-la-polemica-descripcion-que-hizo-diego-brancatelli-de-su-relacion-con-luciana-elbusto","status":"publish","type":"post","link":"https:\/\/corrientesdetarde.com\/index.php\/espectaculos\/errores-que-cometi-la-polemica-descripcion-que-hizo-diego-brancatelli-de-su-relacion-con-luciana-elbusto\/","title":{"rendered":"\u201cErrores que comet\u00ed\u201d: la p\u00f3l\u00e9mica descripci\u00f3n que hizo Diego Brancatelli de su relaci\u00f3n con Luciana Elbusto"},"content":{"rendered":"\n<h2 class=\"wp-block-heading\">El panelista se refiri\u00f3 al affaire que tuvo con la periodista y, aunque intent\u00f3 mantenerse al m\u00e1rgen, fue contundente.<\/h2>\n\n\n\n<p> En el ojo del conflicto medi\u00e1tico se encuentran las periodistas<strong>&nbsp;Luciana Elbusto, Cecilia Insinga&nbsp;<\/strong>y su esposo&nbsp;<strong>Diego Brancatelli&nbsp;<\/strong>que se refiri\u00f3 a los cinco a\u00f1os de relaci\u00f3n paralela con la comunicadora de espect\u00e1culos.<\/p>\n\n\n\n<p>Luego de que las mujeres involucradas hicieran sus respectivos descargos, el presidente del Club Deportivo Ituzaing\u00f3 apunt\u00f3:&nbsp;<strong>\u201cNo le esquivo a nada, ni a lo que dice ni a lo que soy. Es un tema del \u00e1mbito privado y personal\u201d.<\/strong><\/p>\n\n\n\n<p>\u201cDesde hace una semana que<strong>&nbsp;no desmiento ni afirmo nada<\/strong>&nbsp;porque es un espacio en el que yo decido resolver los temas (&#8230;)&nbsp;<strong>las cagadas que me mand\u00e9, las cosas que hice mal.<\/strong>&nbsp;Soy padre de<strong>&nbsp;una familia hermosa a la que amo<\/strong>. Estamos fuertes, estamos bien, no inventen cosas. Hoy supieron y hablaron un mont\u00f3n de todo. Muchas cosas son mentiras\u201d, continu\u00f3.<\/p>\n\n\n\n<p>Ante la evidente aceptaci\u00f3n del v\u00ednculo por parte de Elbusto, Brancatelli continu\u00f3: \u201cTodo lo que deba aclarar, lo voy a hacer con quien yo desee y elijo no hacerlo con ustedes -refiere a los periodistas-. No me voy a prestar a ese juego, nunca me pareci\u00f3 correcto\u201d.<\/p>\n\n\n\n<p>\u201cTodo lo que me quieran preguntar, lo van a hacer primero<strong>&nbsp;Cecilia -Insinga- que es la persona que m\u00e1s me importa en todo esto,<\/strong>&nbsp;mis hijos que los mantenemos al m\u00e1rgen lo que m\u00e1s podamos.&nbsp;<strong>Estamos en el a\u00f1o 2025, cada familia tiene sus problemas,<\/strong>&nbsp;pas\u00f3 esto y punto. No habl\u00e9 y no voy a hablar\u201d, remarc\u00f3.<\/p>\n\n\n\n<p>Algunas horas atr\u00e1s, Insinga public\u00f3 en un tri\u00e1ngulo verbal:&nbsp;<strong>\u201cA la vista la debilidad masculina, el despecho que produce que no te elijan y la fortaleza de la buena madera<\/strong>\u201d. Ante esto, su marido la congraci\u00f3:<strong>&nbsp;\u201cMe encant\u00f3, me pareci\u00f3 hermoso lo que puso, la felicito, es una mujer brillante y la admiro<\/strong>. Lo resolveremos en casa juntos\u201d.<\/p>\n\n\n\n<p>Sin embargo, mientras el dirigente gremial se refer\u00eda a las \u201ccagadas que se mand\u00f3\u201d, del otro lado escuchaba Elbusto. Al ser consultado por si le quer\u00eda decir algo, el panelista sostuvo:<strong>&nbsp;\u201cQue no quiero hablar con nadie\u201d.<\/strong><\/p>\n\n\n\n<p>Sobre el descargo de la periodista de espect\u00e1culos, apunt\u00f3:&nbsp;<strong>\u201cYa le dije lo que me gustaba y lo que no. No es cuesti\u00f3n de si est\u00e1 bien o mal.&nbsp;<\/strong>Elijo no hablar. Lo m\u00e1s importante es lo que est\u00e1 en mi casa\u201d.<\/p>\n\n\n\n<p>Anteriormente, Luciana se mostr\u00f3 angustiada y entre l\u00e1grimas. M\u00e1s tarde, durante las declaraciones del panelista, ella se aferraba a un micr\u00f3fono con gesto triste en un auto. En cuanto \u00e9l termin\u00f3 de hablar, retom\u00f3.<\/p>\n\n\n\n<p>\u201cM\u00e1s all\u00e1 de que no es lo que \u00e9l quer\u00eda, lo mejor que hizo fue hablar porque hasta ahora no lo hac\u00eda y por eso le pegaban. Para \u00e9l estaba mal que yo hable, pero siento que<strong>&nbsp;as\u00ed se dejan las especulaciones, quiz\u00e1s se termina el tema y queda todo aclarado<\/strong>\u201d, apunt\u00f3 Elbusto.<\/p>\n\n\n\n<p>Sobre el error -as\u00ed lo calific\u00f3 \u00e9l mismo- al que apunt\u00f3 el dirigente gremial, la periodista concluy\u00f3: \u201cHabl\u00f3 bien porque fue pol\u00edticamente correcto. En estos momentos se habla como se puede. No lo tomo como algo malo, al contrario\u201d.<\/p>\n","protected":false},"excerpt":{"rendered":"<p>El panelista se refiri\u00f3 al affaire que tuvo con la periodista y, aunque intent\u00f3 mantenerse al m\u00e1rgen, fue contundente. En el ojo del conflicto medi\u00e1tico se encuentran las periodistas&nbsp;Luciana Elbusto,&hellip; <\/p>\n","protected":false},"author":4,"featured_media":207475,"comment_status":"closed","ping_status":"open","sticky":false,"template":"","format":"standard","meta":{"footnotes":""},"categories":[19],"tags":[],"class_list":["post-207474","post","type-post","status-publish","format-standard","has-post-thumbnail","hentry","category-espectaculos"],"_links":{"self":[{"href":"https:\/\/corrientesdetarde.com\/index.php\/wp-json\/wp\/v2\/posts\/207474","targetHints":{"allow":["GET"]}}],"collection":[{"href":"https:\/\/corrientesdetarde.com\/index.php\/wp-json\/wp\/v2\/posts"}],"about":[{"href":"https:\/\/corrientesdetarde.com\/index.php\/wp-json\/wp\/v2\/types\/post"}],"author":[{"embeddable":true,"href":"https:\/\/corrientesdetarde.com\/index.php\/wp-json\/wp\/v2\/users\/4"}],"replies":[{"embeddable":true,"href":"https:\/\/corrientesdetarde.com\/index.php\/wp-json\/wp\/v2\/comments?post=207474"}],"version-history":[{"count":1,"href":"https:\/\/corrientesdetarde.com\/index.php\/wp-json\/wp\/v2\/posts\/207474\/revisions"}],"predecessor-version":[{"id":207476,"href":"https:\/\/corrientesdetarde.com\/index.php\/wp-json\/wp\/v2\/posts\/207474\/revisions\/207476"}],"wp:featuredmedia":[{"embeddable":true,"href":"https:\/\/corrientesdetarde.com\/index.php\/wp-json\/wp\/v2\/media\/207475"}],"wp:attachment":[{"href":"https:\/\/corrientesdetarde.com\/index.php\/wp-json\/wp\/v2\/media?parent=207474"}],"wp:term":[{"taxonomy":"category","embeddable":true,"href":"https:\/\/corrientesdetarde.com\/index.php\/wp-json\/wp\/v2\/categories?post=207474"},{"taxonomy":"post_tag","embeddable":true,"href":"https:\/\/corrientesdetarde.com\/index.php\/wp-json\/wp\/v2\/tags?post=207474"}],"curies":[{"name":"wp","href":"https:\/\/api.w.org\/{rel}","templated":true}]}}