{"id":207480,"date":"2025-05-13T21:01:16","date_gmt":"2025-05-14T00:01:16","guid":{"rendered":"https:\/\/corrientesdetarde.com\/?p=207480"},"modified":"2025-05-13T21:03:57","modified_gmt":"2025-05-14T00:03:57","slug":"la-medida-busca-frenar-el-dominio-de-un-equipo-en-particular","status":"publish","type":"post","link":"https:\/\/corrientesdetarde.com\/index.php\/policiales\/la-medida-busca-frenar-el-dominio-de-un-equipo-en-particular\/","title":{"rendered":"Choque fatal en C\u00f3rdoba: dos j\u00f3venes murieron y un conductor fue detenido"},"content":{"rendered":"\n<h2 class=\"wp-block-heading\">El automovilista involucrado fue imputado por el delito de homicidio culposo.<\/h2>\n\n\n\n<p><strong>Dos j\u00f3venes murieron y otros dos resultaron heridos como consecuencia de un\u00a0choque frontal\u00a0entre una camioneta y un auto<\/strong>\u00a0que se produjo en el este de la provincia de C\u00f3rdoba, al tiempo que uno de los conductores implicados fue detenido.<\/p>\n\n\n\n<p>Seg\u00fan informaron medios locales, la tragedia ocurri\u00f3 este domingo por la madrugada en la ruta 158, cerca de Saturnino Mar\u00eda Lespiur, cuando&nbsp;<strong>una camioneta modelo Volkswagen Amarok negra impact\u00f3 contra un Gol bord\u00f3, en el que circulaban cuatro tres chicas y un muchacho oriundos de la localidad de Las Varas.<\/strong><\/p>\n\n\n\n<p>A causa del siniestro fatal, el conductor del autom\u00f3vil, identificado como&nbsp;<strong>Santiago Traverso<\/strong>, de 23 a\u00f1os, y&nbsp;<strong>la acompa\u00f1ante fallecieron en el acto<\/strong>, mientras que las otras dos j\u00f3venes sufrieron lesiones de distinta consideraci\u00f3n.<\/p>\n\n\n\n<p>En este contexto, la Fiscal\u00eda de Delitos Complejos de San Francisco, a cargo de Silvana Quaglia,&nbsp;<strong>orden\u00f3 la detenci\u00f3n de Ra\u00fal Forl\u00edn<\/strong>, el hombre de 38 a\u00f1os que&nbsp;<strong>manejaba el rodado de mayor porte.<\/strong><\/p>\n\n\n\n<p>El automovilista fue imputado por el delito de homicidio culposo, a la vez que persist\u00edan las pericias en el lugar del incidente vial.<\/p>\n","protected":false},"excerpt":{"rendered":"<p>El automovilista involucrado fue imputado por el delito de homicidio culposo. Dos j\u00f3venes murieron y otros dos resultaron heridos como consecuencia de un\u00a0choque frontal\u00a0entre una camioneta y un auto\u00a0que se&hellip; <\/p>\n","protected":false},"author":4,"featured_media":207483,"comment_status":"closed","ping_status":"open","sticky":false,"template":"","format":"standard","meta":{"footnotes":""},"categories":[33],"tags":[],"class_list":["post-207480","post","type-post","status-publish","format-standard","has-post-thumbnail","hentry","category-policiales"],"_links":{"self":[{"href":"https:\/\/corrientesdetarde.com\/index.php\/wp-json\/wp\/v2\/posts\/207480","targetHints":{"allow":["GET"]}}],"collection":[{"href":"https:\/\/corrientesdetarde.com\/index.php\/wp-json\/wp\/v2\/posts"}],"about":[{"href":"https:\/\/corrientesdetarde.com\/index.php\/wp-json\/wp\/v2\/types\/post"}],"author":[{"embeddable":true,"href":"https:\/\/corrientesdetarde.com\/index.php\/wp-json\/wp\/v2\/users\/4"}],"replies":[{"embeddable":true,"href":"https:\/\/corrientesdetarde.com\/index.php\/wp-json\/wp\/v2\/comments?post=207480"}],"version-history":[{"count":2,"href":"https:\/\/corrientesdetarde.com\/index.php\/wp-json\/wp\/v2\/posts\/207480\/revisions"}],"predecessor-version":[{"id":207484,"href":"https:\/\/corrientesdetarde.com\/index.php\/wp-json\/wp\/v2\/posts\/207480\/revisions\/207484"}],"wp:featuredmedia":[{"embeddable":true,"href":"https:\/\/corrientesdetarde.com\/index.php\/wp-json\/wp\/v2\/media\/207483"}],"wp:attachment":[{"href":"https:\/\/corrientesdetarde.com\/index.php\/wp-json\/wp\/v2\/media?parent=207480"}],"wp:term":[{"taxonomy":"category","embeddable":true,"href":"https:\/\/corrientesdetarde.com\/index.php\/wp-json\/wp\/v2\/categories?post=207480"},{"taxonomy":"post_tag","embeddable":true,"href":"https:\/\/corrientesdetarde.com\/index.php\/wp-json\/wp\/v2\/tags?post=207480"}],"curies":[{"name":"wp","href":"https:\/\/api.w.org\/{rel}","templated":true}]}}