{"id":207485,"date":"2025-05-13T21:36:58","date_gmt":"2025-05-14T00:36:58","guid":{"rendered":"https:\/\/corrientesdetarde.com\/?p=207485"},"modified":"2025-05-13T21:37:10","modified_gmt":"2025-05-14T00:37:10","slug":"trump-dijo-que-considera-que-la-ue-es-mas-desagradable-que-china","status":"publish","type":"post","link":"https:\/\/corrientesdetarde.com\/index.php\/internacionales\/trump-dijo-que-considera-que-la-ue-es-mas-desagradable-que-china\/","title":{"rendered":"Trump dijo que considera que la UE es &#8220;m\u00e1s desagradable que China&#8221;"},"content":{"rendered":"\n<h2 class=\"wp-block-heading\">Su apreciaci\u00f3n tiene que ver con las pr\u00e1cticas comerciales de ese organismo.<\/h2>\n\n\n\n<p>El presidente de Estados Unidos, Donald\u00a0Trump, coment\u00f3 que\u00a0<strong>la Uni\u00f3n Europea (UE) le parece\u00a0<\/strong><em><strong>&#8220;m\u00e1s desagradable que China&#8221;\u00a0<\/strong><\/em>en lo que ata\u00f1e a sus pr\u00e1cticas comerciales, seg\u00fan informaron medios internacionales.<\/p>\n\n\n\n<p>Sus declaraciones se produjeron en una rueda de prensa, horas despu\u00e9s que Washington y Pek\u00edn acordaran recortar sus respectivas barreras comerciales y desescalar la&nbsp;<strong>guerra comercial<\/strong>, report\u00f3 el sitio Actualidad RT.<\/p>\n\n\n\n<p><em><strong>&#8220;La Uni\u00f3n Europea es, en muchos sentidos, m\u00e1s desagradable que China&#8221;,&nbsp;<\/strong><\/em>declar\u00f3 el mandatario estadounidense a los periodistas en la Casa Blanca, vaticinando que la posici\u00f3n europea &#8220;caer\u00e1&#8221;, puesto que, seg\u00fan apunt\u00f3, su pa\u00eds tiene &#8220;todas las cartas&#8221; para ganar.<\/p>\n\n\n\n<p><em><strong>&#8220;Nos han tratado de forma muy injusta. Nos venden 13 millones de coches; nosotros no les vendemos ninguno. Nos venden sus productos agr\u00edcolas; nosotros no les vendemos pr\u00e1cticamente nada&#8221;,&nbsp;<\/strong><\/em>continu\u00f3 Trump.<\/p>\n\n\n\n<p>Retomando sus quejas anteriores, acus\u00f3 que desde el bloque europeo,&nbsp;<em><strong>&#8220;demandan&#8221;&nbsp;<\/strong><\/em>a las empresas estadounidenses.<\/p>\n\n\n\n<p><strong>Trump&nbsp;<\/strong>tambi\u00e9n acus\u00f3 a la UE de ser responsable, al menos en&nbsp;parte, de los precios excesivamente altos que los estadounidenses&nbsp;deben pagar por los medicamentos que requieren. En ese sentido, sostuvo que los europeos deber\u00edan pagar m\u00e1s por&nbsp;la atenci\u00f3n sanitaria y asumir mayores cargas financieras. Afirm\u00f3 que&nbsp;<strong>su pa\u00eds&nbsp;<\/strong><em><strong>&#8220;subsidi\u00f3&#8221;<\/strong><\/em><strong>&nbsp;la sanidad de los&nbsp;habitantes de la UE.&nbsp;<\/strong><\/p>\n\n\n\n<p><em><strong>&#8220;Europa tendr\u00e1 que pagar un poco m\u00e1s. El resto del mundo tendr\u00e1&nbsp;que pagar un poco m\u00e1s. Y Estados Unidos pagar\u00e1 mucho menos&#8221;,<\/strong><\/em>&nbsp;enfatiz\u00f3.<\/p>\n\n\n\n<p><strong>La Administraci\u00f3n de Trump impuso en d\u00edas pasados aranceles&nbsp;rec\u00edprocos de 20 % a la UE<\/strong>, que posteriormente suspendi\u00f3 hasta&nbsp;julio.<\/p>\n\n\n\n<p>Y&nbsp;<strong>otorg\u00f3 al bloque comunitario la oportunidad de llegar a un&nbsp;acuerdo similar al conseguido por el Reino Unido, que se anunci\u00f3&nbsp;el 8 de mayo.&nbsp;<\/strong><\/p>\n","protected":false},"excerpt":{"rendered":"<p>Su apreciaci\u00f3n tiene que ver con las pr\u00e1cticas comerciales de ese organismo. El presidente de Estados Unidos, Donald\u00a0Trump, coment\u00f3 que\u00a0la Uni\u00f3n Europea (UE) le parece\u00a0&#8220;m\u00e1s desagradable que China&#8221;\u00a0en lo que&hellip; <\/p>\n","protected":false},"author":4,"featured_media":207486,"comment_status":"closed","ping_status":"open","sticky":false,"template":"","format":"standard","meta":{"footnotes":""},"categories":[11],"tags":[],"class_list":["post-207485","post","type-post","status-publish","format-standard","has-post-thumbnail","hentry","category-internacionales"],"_links":{"self":[{"href":"https:\/\/corrientesdetarde.com\/index.php\/wp-json\/wp\/v2\/posts\/207485","targetHints":{"allow":["GET"]}}],"collection":[{"href":"https:\/\/corrientesdetarde.com\/index.php\/wp-json\/wp\/v2\/posts"}],"about":[{"href":"https:\/\/corrientesdetarde.com\/index.php\/wp-json\/wp\/v2\/types\/post"}],"author":[{"embeddable":true,"href":"https:\/\/corrientesdetarde.com\/index.php\/wp-json\/wp\/v2\/users\/4"}],"replies":[{"embeddable":true,"href":"https:\/\/corrientesdetarde.com\/index.php\/wp-json\/wp\/v2\/comments?post=207485"}],"version-history":[{"count":1,"href":"https:\/\/corrientesdetarde.com\/index.php\/wp-json\/wp\/v2\/posts\/207485\/revisions"}],"predecessor-version":[{"id":207489,"href":"https:\/\/corrientesdetarde.com\/index.php\/wp-json\/wp\/v2\/posts\/207485\/revisions\/207489"}],"wp:featuredmedia":[{"embeddable":true,"href":"https:\/\/corrientesdetarde.com\/index.php\/wp-json\/wp\/v2\/media\/207486"}],"wp:attachment":[{"href":"https:\/\/corrientesdetarde.com\/index.php\/wp-json\/wp\/v2\/media?parent=207485"}],"wp:term":[{"taxonomy":"category","embeddable":true,"href":"https:\/\/corrientesdetarde.com\/index.php\/wp-json\/wp\/v2\/categories?post=207485"},{"taxonomy":"post_tag","embeddable":true,"href":"https:\/\/corrientesdetarde.com\/index.php\/wp-json\/wp\/v2\/tags?post=207485"}],"curies":[{"name":"wp","href":"https:\/\/api.w.org\/{rel}","templated":true}]}}