{"id":207487,"date":"2025-05-13T21:33:14","date_gmt":"2025-05-14T00:33:14","guid":{"rendered":"https:\/\/corrientesdetarde.com\/?p=207487"},"modified":"2025-05-14T05:20:24","modified_gmt":"2025-05-14T08:20:24","slug":"milei-escalo-la-pela-con-macri-por-ficha-limpia-y-le-lanzo-el-ladron-cree-que-todos-son-de-su-condicion","status":"publish","type":"post","link":"https:\/\/corrientesdetarde.com\/index.php\/politica\/milei-escalo-la-pela-con-macri-por-ficha-limpia-y-le-lanzo-el-ladron-cree-que-todos-son-de-su-condicion\/","title":{"rendered":"Milei escal\u00f3 la pelea con Macri por Ficha Limpia y le lanz\u00f3: &#8220;El ladr\u00f3n cree que todos son de su condici\u00f3n&#8221;"},"content":{"rendered":"\n<p>El presidente&nbsp;<a href=\"https:\/\/noticiasargentinas.com\/javier-milei_t65552d79207c69788b5733a8\"> Javier Milei<\/a>carg\u00f3 contra el titular del PRO<strong>, Mauricio Macri<\/strong>, en el marco de la disputa abierta a ra\u00edz del rechazo de Ficha Limpia en la C\u00e1mara de Senadores, a trav\u00e9s de un particular posteo en redes sociales.&nbsp;<\/p>\n\n\n\n<p><strong>\u201cEl ladr\u00f3n cree a todos de su misma condici\u00f3n\u201d,<\/strong>&nbsp;sentenci\u00f3 el mandatario desde su cuenta de X, en un mensaje que incluye un fragmento de la entrevista que el periodista Jorge Lanata le realiz\u00f3 a&nbsp;<strong>Elisa Carri\u00f3<\/strong>&nbsp;en la que responsabiliz\u00f3 al gobierno de Cambiemos de haberle garantizado impunidad a Cristina Kirchner.&nbsp;<\/p>\n\n\n\n<p>En la misma l\u00ednea, el Presidente plante\u00f3:&nbsp;<strong>\u201cLamento mucho que no entiendan o peor a\u00fan, no quieran entender como abordamos la pol\u00edtica.<\/strong>&nbsp;Nuestro foco es sacar el pa\u00eds adelante, no polarizar por carencia de ideas (cuyo recurso \u00fanico es ensuciar por mediocridad). CIAO!\u201d.<\/p>\n\n\n\n<p>El cruce abona a la novela abierta tras el frustrado tratamiento del proyecto de ley de Ficha Limpia que enfrent\u00f3 a ambos espacios. &#8220;<strong>La desilusi\u00f3n que tengo es infinita&#8221;,<\/strong>&nbsp;supo declarar el exPresidente al tiempo que desliz\u00f3 la posibilidad de un pacto entre el libertario y la dos veces presidenta Cristina Fern\u00e1ndez de Kirchner.<\/p>\n\n\n\n<p>El libertario utiliz\u00f3 la publicaci\u00f3n de su cineasta&nbsp;<strong>Santiago Oria<\/strong>, quien afirm\u00f3 que&nbsp;<strong>\u201cel garante de la impunidad de Cristina Kirchner fue Macri\u201d<\/strong>, para apuntar contra el titular del partido amarillo.&nbsp;<\/p>\n\n\n\n<p>\u201cMientras que su gobierno le garantiz\u00f3 a CFK no ir presa, en el gobierno de Milei las causas no pararon de avanzar porque se deja actuar a la justicia sin interferencias\u201d, se escud\u00f3 el funcionario, y complet\u00f3: \u201cSi dicen que hay que ir con la verdad, la pura verdad es esa\u201d.<\/p>\n\n\n\n<p>Por su parte, agreg\u00f3: \u201cQue todo el PRO deje de MENTIR, porque el pacto de impunidad siempre fue de ustedes. En el video, Lanata, Carri\u00f3 y Monz\u00f3, gente de sus propias filas, confirmando la VERDAD\u201d.<\/p>\n\n\n\n<p><\/p>\n","protected":false},"excerpt":{"rendered":"<p>El presidente&nbsp; Javier Mileicarg\u00f3 contra el titular del PRO, Mauricio Macri, en el marco de la disputa abierta a ra\u00edz del rechazo de Ficha Limpia en la C\u00e1mara de Senadores,&hellip; <\/p>\n","protected":false},"author":11,"featured_media":124631,"comment_status":"closed","ping_status":"open","sticky":false,"template":"","format":"standard","meta":{"footnotes":""},"categories":[3],"tags":[],"class_list":["post-207487","post","type-post","status-publish","format-standard","has-post-thumbnail","hentry","category-politica"],"_links":{"self":[{"href":"https:\/\/corrientesdetarde.com\/index.php\/wp-json\/wp\/v2\/posts\/207487","targetHints":{"allow":["GET"]}}],"collection":[{"href":"https:\/\/corrientesdetarde.com\/index.php\/wp-json\/wp\/v2\/posts"}],"about":[{"href":"https:\/\/corrientesdetarde.com\/index.php\/wp-json\/wp\/v2\/types\/post"}],"author":[{"embeddable":true,"href":"https:\/\/corrientesdetarde.com\/index.php\/wp-json\/wp\/v2\/users\/11"}],"replies":[{"embeddable":true,"href":"https:\/\/corrientesdetarde.com\/index.php\/wp-json\/wp\/v2\/comments?post=207487"}],"version-history":[{"count":2,"href":"https:\/\/corrientesdetarde.com\/index.php\/wp-json\/wp\/v2\/posts\/207487\/revisions"}],"predecessor-version":[{"id":207500,"href":"https:\/\/corrientesdetarde.com\/index.php\/wp-json\/wp\/v2\/posts\/207487\/revisions\/207500"}],"wp:featuredmedia":[{"embeddable":true,"href":"https:\/\/corrientesdetarde.com\/index.php\/wp-json\/wp\/v2\/media\/124631"}],"wp:attachment":[{"href":"https:\/\/corrientesdetarde.com\/index.php\/wp-json\/wp\/v2\/media?parent=207487"}],"wp:term":[{"taxonomy":"category","embeddable":true,"href":"https:\/\/corrientesdetarde.com\/index.php\/wp-json\/wp\/v2\/categories?post=207487"},{"taxonomy":"post_tag","embeddable":true,"href":"https:\/\/corrientesdetarde.com\/index.php\/wp-json\/wp\/v2\/tags?post=207487"}],"curies":[{"name":"wp","href":"https:\/\/api.w.org\/{rel}","templated":true}]}}