{"id":207562,"date":"2025-05-14T13:08:00","date_gmt":"2025-05-14T16:08:00","guid":{"rendered":"https:\/\/corrientesdetarde.com\/?p=207562"},"modified":"2025-05-14T13:08:04","modified_gmt":"2025-05-14T16:08:04","slug":"no-nacimos-para-trabajar-y-la-ia-nos-liberara-de-obligaciones-sorprendentes-declaraciones-de-bill-gates","status":"publish","type":"post","link":"https:\/\/corrientesdetarde.com\/index.php\/tecnologia\/no-nacimos-para-trabajar-y-la-ia-nos-liberara-de-obligaciones-sorprendentes-declaraciones-de-bill-gates\/","title":{"rendered":"\u201cNo nacimos para trabajar\u201d y \u201cla IA nos liberar\u00e1 de obligaciones\u201d: sorprendentes declaraciones de Bill Gates"},"content":{"rendered":"\n<p>El fundador de Microsoft profundiz\u00f3 el debate sobre el impacto de las tecnolog\u00edas automatizadas en el mundo laboral. \u201cEl trabajo es un artificio\u201d, asegur\u00f3.<\/p>\n\n\n\n<p>En el marco del\u00a0<strong>auge de la Inteligencia Artificial\u00a0<\/strong>se repite un temor que hemos visto en anteriores revoluciones: el\u00a0<strong>miedo a que las m\u00e1quinas desplacen a los humanos del mundo laboral<\/strong>. Mientras que las predicciones menos alentadoras hacen mella en la visi\u00f3n de futuro, hay quienes aseguran que\u00a0<strong>la IA ser\u00e1 una aliada m\u00e1s que una enemiga para los trabajadores<\/strong>.<\/p>\n\n\n\n<p>En esa l\u00ednea parece anotarse\u00a0<strong>Bill Gates<\/strong>, que en una entrevista reciente lanz\u00f3 declaraciones en buena medida sorpresivas. El fundador de Microsoft dijo que \u201c<strong>no nacimos para trabajar<\/strong>\u201d y que \u201c<strong>la Inteligencia Artificial nos liberar\u00e1 de las obligaciones<\/strong>\u201d.<\/p>\n\n\n\n<h2 class=\"wp-block-heading\">Bill Gates sobre el avance de la IA y su impacto en el mundo laboral<\/h2>\n\n\n\n<p>En una conversaci\u00f3n con\u00a0<em>The Indian Express<\/em>, Gates asegur\u00f3 que \u201c<strong>el trabajo es un artificio derivado de la escasez<\/strong>\u201d, comentario que sirvi\u00f3 de puntapi\u00e9 para abordar su visi\u00f3n acerca del\u00a0<em>boom<\/em>\u00a0de la IA y sus consecuencias en el mercado laboral. En ese sentido, el empresario y fil\u00e1ntropo not\u00f3 que a lo largo de la historia, los humanos trabajamos para cubrir nuestras necesidades b\u00e1sicas: la alimentaci\u00f3n y la vivienda, entre ellas.<\/p>\n\n\n\n<figure class=\"wp-block-image\"><img decoding=\"async\" src=\"https:\/\/tn.com.ar\/resizer\/v2\/segun-gates-la-ia-no-es-necesariamente-rival-de-los-humanos-en-el-mundo-laboral-foto-adobe-stock-C3MTZGWQGZCT5L3I7B5ZQT5L3A.jpeg?auth=e34c7bc9ebbf97a21fcecddf318b131c2609d384a6d1baddbc794c0a0f9a3e61&amp;width=767\" alt=\"Seg\u00fan Gates, la IA no es necesariamente rival de los humanos en el mundo laboral. (Foto: Adobe Stock)\"\/><\/figure>\n\n\n\n<p>Respecto al despliegue de herramientas de IA, en lugar de percibirlas como una amenaza para los trabajadores, opin\u00f3 que&nbsp;<strong>nos liberar\u00e1n de tareas obligadas, rutinarias y tediosas<\/strong>. De este modo, conseguir\u00edamos m\u00e1s tiempo libre. Tanto que, seg\u00fan Gates,&nbsp;<strong>la semana laboral se reducir\u00eda a dos d\u00edas en los pr\u00f3ximos diez a\u00f1os<\/strong>.<\/p>\n\n\n\n<h2 class=\"wp-block-heading\">Inteligencia artificial y sus tres letras \u201cd\u201d<\/h2>\n\n\n\n<p>La visi\u00f3n de Gates coincide con un punto de vista que han notado muchos expertos en IA y rob\u00f3tica. La clave radica en\u00a0<strong>percibir a las m\u00e1quinas como asistentes, m\u00e1s que como nuestros reemplazos<\/strong>.<\/p>\n\n\n\n<p>Al respecto, se menciona la&nbsp;<strong>regla de las tres letras \u201cd\u201d, por \u201c<\/strong><em><strong>dangerous<\/strong><\/em><strong>\u201d, \u201c<\/strong><em><strong>dirty<\/strong><\/em><strong>\u201d y&nbsp;<\/strong><em><strong>\u201cdifficult\u201d,<\/strong><\/em><strong>&nbsp;en espa\u00f1ol \u201cpeligroso\u201d, \u201csucio\u201d y \u201cdif\u00edcil\u201d<\/strong>. En esa l\u00ednea, se prev\u00e9 que las m\u00e1quinas se encarguen de esas tareas que los humanos usualmente preferimos no realizar. No solo nos permitir\u00edan conseguir m\u00e1s tiempo libre, sino tambi\u00e9n una mayor dedicaci\u00f3n a trabajos relevantes y placenteros, especialmente en t\u00e9rminos f\u00edsicos.<\/p>\n\n\n\n<h2 class=\"wp-block-heading\">IA y programaci\u00f3n: Bill Gates nada contra la corriente<\/h2>\n\n\n\n<p>El empresario que este 2025 cumplir\u00e1 70 a\u00f1os opin\u00f3 en la mencionada entrevista que&nbsp;<strong>la tarea de los programadores seguir\u00e1 siendo esencial<\/strong>, am\u00e9n del avance exponencial de la IA.<\/p>\n\n\n\n<figure class=\"wp-block-image\"><img decoding=\"async\" src=\"https:\/\/tn.com.ar\/resizer\/v2\/bill-gates-cofundo-microsoft-en-la-decada-del-70-foto-reutersmike-segar-GFN7UJLJZJBIXVV3ZIX2I4FW6U.jpg?auth=800efc20b43a03c925a99325aacba13ef403986c3b0e9e5dceea3bbe68ed5335&amp;width=767\" alt=\"Bill Gates cofund\u00f3 Microsoft en la d\u00e9cada del 70'. (Foto: Reuters\/Mike Segar)\"\/><\/figure>\n\n\n\n<p>Este punto de vista va en contra de lo que hemos o\u00eddo \u00faltimamente.\u00a0Mark Zuckerberg, director ejecutivo de Meta, dijo que las herramientas de IA se encargar\u00e1n pronto de escribir casi todo el c\u00f3digo de las aplicaciones de la empresa. Adem\u00e1s, recientemente nos enteramos que\u00a0Apple se asoci\u00f3 con el especialista Anthropic, creador del chatbot Claude, para dise\u00f1ar un sistema de IA capaz de escribir c\u00f3digo de programaci\u00f3n en forma aut\u00f3noma, una habilidad que ya est\u00e1 disponible en varios modelos.<\/p>\n\n\n\n<p>El optimismo de\u00a0Gates\u00a0respecto al rol de los programadores tambi\u00e9n se opone a la opini\u00f3n del CEO de Nvidia, Jensen Huang, quien se\u00f1al\u00f3 que esa labor podr\u00eda ser una de las primeras en ser reemplazada por los sistemas de IA.<\/p>\n","protected":false},"excerpt":{"rendered":"<p>El fundador de Microsoft profundiz\u00f3 el debate sobre el impacto de las tecnolog\u00edas automatizadas en el mundo laboral. \u201cEl trabajo es un artificio\u201d, asegur\u00f3. En el marco del\u00a0auge de la&hellip; <\/p>\n","protected":false},"author":8,"featured_media":207563,"comment_status":"closed","ping_status":"open","sticky":false,"template":"","format":"standard","meta":{"footnotes":""},"categories":[24],"tags":[],"class_list":["post-207562","post","type-post","status-publish","format-standard","has-post-thumbnail","hentry","category-tecnologia"],"_links":{"self":[{"href":"https:\/\/corrientesdetarde.com\/index.php\/wp-json\/wp\/v2\/posts\/207562","targetHints":{"allow":["GET"]}}],"collection":[{"href":"https:\/\/corrientesdetarde.com\/index.php\/wp-json\/wp\/v2\/posts"}],"about":[{"href":"https:\/\/corrientesdetarde.com\/index.php\/wp-json\/wp\/v2\/types\/post"}],"author":[{"embeddable":true,"href":"https:\/\/corrientesdetarde.com\/index.php\/wp-json\/wp\/v2\/users\/8"}],"replies":[{"embeddable":true,"href":"https:\/\/corrientesdetarde.com\/index.php\/wp-json\/wp\/v2\/comments?post=207562"}],"version-history":[{"count":1,"href":"https:\/\/corrientesdetarde.com\/index.php\/wp-json\/wp\/v2\/posts\/207562\/revisions"}],"predecessor-version":[{"id":207564,"href":"https:\/\/corrientesdetarde.com\/index.php\/wp-json\/wp\/v2\/posts\/207562\/revisions\/207564"}],"wp:featuredmedia":[{"embeddable":true,"href":"https:\/\/corrientesdetarde.com\/index.php\/wp-json\/wp\/v2\/media\/207563"}],"wp:attachment":[{"href":"https:\/\/corrientesdetarde.com\/index.php\/wp-json\/wp\/v2\/media?parent=207562"}],"wp:term":[{"taxonomy":"category","embeddable":true,"href":"https:\/\/corrientesdetarde.com\/index.php\/wp-json\/wp\/v2\/categories?post=207562"},{"taxonomy":"post_tag","embeddable":true,"href":"https:\/\/corrientesdetarde.com\/index.php\/wp-json\/wp\/v2\/tags?post=207562"}],"curies":[{"name":"wp","href":"https:\/\/api.w.org\/{rel}","templated":true}]}}