{"id":207571,"date":"2025-05-14T13:52:09","date_gmt":"2025-05-14T16:52:09","guid":{"rendered":"https:\/\/corrientesdetarde.com\/?p=207571"},"modified":"2025-05-14T13:52:13","modified_gmt":"2025-05-14T16:52:13","slug":"los-periodistas-que-mas-conocen-a-franco-colapinto-dieron-las-claves-para-su-debut-con-alpine-en-la-f1","status":"publish","type":"post","link":"https:\/\/corrientesdetarde.com\/index.php\/deportes\/los-periodistas-que-mas-conocen-a-franco-colapinto-dieron-las-claves-para-su-debut-con-alpine-en-la-f1\/","title":{"rendered":"Los periodistas que m\u00e1s conocen a Franco Colapinto dieron las claves para su debut con Alpine en la F1"},"content":{"rendered":"\n<p>Fernando Tornello y Juan Fossaroli hablaron  sobre las expectativas para el Gran Premio de Imola y tambi\u00e9n de la presi\u00f3n que tendr\u00e1 el piloto argentino de parte de los medios internacionales.<a href=\"https:\/\/tn.com.ar\/autor\/lcrisafulli\/\"><\/a><\/p>\n\n\n\n<p>Este fin de semana,\u00a0<strong>Franco Colapinto<\/strong>\u00a0volver\u00e1 a correr en la\u00a0<strong>F\u00f3rmula 1<\/strong>. El piloto argentino har\u00e1 su estreno en esta temporada en el\u00a0<strong>GP de Imola con Alpine<\/strong>\u00a0y la expectativa es muy grande. En la charla\u00a0<em>Mesa Redonda de ESPN<\/em>,\u00a0<strong>\u00a0<\/strong>pudo hablar con\u00a0<strong>Fernando Tornello y Juan Fossaroli<\/strong>, dos de los periodistas que m\u00e1s lo conocen, y\u00a0<strong>dieron las claves sobre qu\u00e9 se puede esperar en esta carrera.<\/strong><\/p>\n\n\n\n<p>Los periodistas de&nbsp;<em>ESPN<\/em>&nbsp;analizaron todo el revuelo que se gener\u00f3 alrededor de Colapinto y<strong>&nbsp;puntualizaron en un tema importante: la presi\u00f3n<\/strong>.<\/p>\n\n\n\n<figure class=\"wp-block-image\"><img decoding=\"async\" src=\"https:\/\/tn.com.ar\/resizer\/v2\/franco-colapinto-hara-su-debut-en-alpine-en-el-gp-de-imola-foto-briatoreflavioinstagram-CZV3Q5KNMFCPHGOUIWOMYOZFZI.jpg?auth=81c726b76167bd24bbbe7c7c3029baa8499ff0331fd205c2335cc2b22682be15&amp;width=767\" alt=\"Franco Colapinto har\u00e1 su debut en Alpine en el GP de Imola. (Foto: @briatoreflavio\/Instagram)\"\/><\/figure>\n\n\n\n<p>Si bien Franco est\u00e1 acostumbrado desde sus inicios a correr bajo la mira, con contratos por rendimiento, carrera a carrera, en las \u00faltimas semanas se construy\u00f3 una suerte de campa\u00f1a en su contra por parte de algunos medios internacionales que hicieron hincapi\u00e9 en lo ocurrido previamente con Jack Doohan, que fue desplazado por sus malos rendimientos en el arranque de la temporada 2025 de la F1.<\/p>\n\n\n\n<p>\u201c<strong>Yo creo que una de las cualidades que tiene Franco, no estoy hablando de lo t\u00e9cnico ni de c\u00f3mo lleva un F\u00f3rmula 1, es aislarse un poco de la presi\u00f3n y lo hemos visto<\/strong>. Yo creo que eso que tiene Franco es que da vuelta la hoja muy r\u00e1pido\u201d, asegur\u00f3 Fossaroli.<\/p>\n\n\n\n<p>Y agreg\u00f3 sobre el GP de este fin de semana: \u201cPor suerte en Imola hay tres pruebas libres. Yo creo que Franco, conoci\u00e9ndolo, no es que no le importe, al contrario, pero&nbsp;<strong>la presi\u00f3n la maneja muy, pero muy bien y fue algo que manej\u00f3 durante toda su carrera. Creo que va a tener presi\u00f3n como tiene cualquier piloto<\/strong>\u201d.<\/p>\n\n\n\n<p>\u201cFranco obviamente va a tener m\u00e1s presi\u00f3n porque est\u00e1 reemplazando a un piloto que no tuvo actuaciones destacadas, pero&nbsp;<strong>yo creo que, en ese sentido, lo va a superar\u201d<\/strong>, se\u00f1al\u00f3.<\/p>\n\n\n\n<figure class=\"wp-block-image\"><img decoding=\"async\" src=\"https:\/\/tn.com.ar\/resizer\/v2\/https%3A%2F%2Fthumbs.vodgc.net%2F1-14-64nCRt1747178728137_1080P.jpg?auth=e179a680d7c474bdb7fbfa787fefb55c0ac9b7245ffc9bfff6e73a8c1ab76453&amp;width=767\" alt=\"Video Placeholder\"\/><\/figure>\n\n\n\n<p>Por su parte, Fernando Tornello hizo su propio an\u00e1lisis y apunt\u00f3 al efecto sorpresa que suele generar Colapinto sobrepasando las expectativas. \u201c<strong>Franco nos sorprende siempre para mejor<\/strong>. Yo no ten\u00eda tantas expectativas cuando \u00e9l lleg\u00f3. Era un chico nuevo, con muy poca experiencia de F\u00f3rmula 1. Lleg\u00f3 bastante crudo el a\u00f1o pasado y de repente&nbsp;<strong>se destap\u00f3 con actuaciones espectaculares que no solamente a nosotros nos asombraron, sino que les hicieron abrir los ojos a todos en la F\u00f3rmula 1<\/strong>, inclusive algunos directores de equipo que son siempre bravos, \u00e1cidos, pero Franco les llam\u00f3 la atenci\u00f3n inmediatamente\u201d.<\/p>\n\n\n\n<p>Y sentenci\u00f3: \u201c<strong>Franco no deja de sorprendernos y yo creo que tambi\u00e9n va a pasar esta vez<\/strong>. M\u00e1s all\u00e1 del rendimiento del auto que es fundamental, \u00e9l siempre tiene un plus\u201d.<\/p>\n\n\n\n<figure class=\"wp-block-image\"><img decoding=\"async\" src=\"https:\/\/tn.com.ar\/resizer\/v2\/https%3A%2F%2Fthumbs.vodgc.net%2F1-14-sPSO5F1747178802697_1080P.jpg?auth=357f6b32a5fb8876f58c6b132322eb8c23ec51a694b477c9d24077158e1d8997&amp;width=767\" alt=\"Video Placeholder\"\/><\/figure>\n\n\n\n<h2 class=\"wp-block-heading\">Las barreras que deber\u00e1 superar Franco Colapinto en su regreso a la F\u00f3rmula 1: su auto y su propio rendimiento<\/h2>\n\n\n\n<p>En su primera experiencia en la F\u00f3rmula 1, Franco Colapinto super\u00f3 ampliamente las expectativas y dej\u00f3 su propia vara muy alta. Por eso, para este&nbsp;<strong>Gran Premio de Emilia-Roma\u00f1a<\/strong>&nbsp;la ilusi\u00f3n de los fan\u00e1ticos es muy grande y se espera una gran cantidad de argentinos en el circuito.<\/p>\n\n\n\n<p>En estas primeras carreras de la temporada, Alpine no cosech\u00f3 los mejores resultados y, por eso, Fernando Tornello apunt\u00f3 a un aspecto externo que ser\u00e1 clave: su auto.<\/p>\n\n\n\n<p>&#8220;<strong>Yo creo que la valla que encuentran los pilotos es el rendimiento del auto<\/strong>. Todos los pilotos llegan con mucha confianza en s\u00ed mismos, con mucha fe. Si bien el rendimiento del auto hasta ahora no ha sido del todo bueno, se puede recuperar.&nbsp;<strong>Yo creo que Alpine tiene el potencial para hacerlo<\/strong>\u201c, consider\u00f3.<\/p>\n\n\n\n<figure class=\"wp-block-image\"><img decoding=\"async\" src=\"https:\/\/tn.com.ar\/resizer\/v2\/fernando-tornello-junto-a-franco-colapinto-en-el-paddock-de-la-formula-1-foto-f1tornello-ig-OB6X3GKPZJBN3H6ZGDYDUEA7LM.jpg?auth=da8dda1874c57bd741ec795f51b9c58f01dcc76fef5149522032f8d2c6b80ae5&amp;width=767\" alt=\"Fernando Tornello junto a Franco Colapinto en el paddock de la F\u00f3rmula 1. (Foto: f1tornello-IG)\"\/><\/figure>\n\n\n\n<p>A pesar de ser un a\u00f1o de transici\u00f3n para la escuder\u00eda francesa, el experimentado relator conf\u00eda en que la presencia de Colapinto le sirva al equipo: \u201cCreo que Alpine tiene mucho para crecer todav\u00eda este a\u00f1o y que&nbsp;<strong>Franco va a ayudar a eso porque tiene mucho talento y creo que va a superar la vara bastante baja que dej\u00f3 Doohan. De eso no tengo ninguna duda<\/strong>\u201d.<\/p>\n\n\n\n<p>Por su parte, Fossaroli repas\u00f3 los propios antecedentes de Franco y afirm\u00f3 que la comparativa estar\u00e1 en el rendimiento de Pierre Gasly, su compa\u00f1ero de equipo: \u201c<strong>\u00c9l tambi\u00e9n dej\u00f3 una vara alta cuando debut\u00f3<\/strong>. Tanto en Monza y despu\u00e9s en Azerbaiy\u00e1n y luego en Singapur con muy buenos trabajos, inclusive Austin que \u00e9l considera que fue de sus mejores fines de semana. \u00c9l mismo dej\u00f3 una vara alta y las expectativas altas en nosotros. Entonces,<strong>&nbsp;yo creo que lo que tiene que hacer es estar cerca de su compa\u00f1ero<\/strong>\u201d.<\/p>\n\n\n\n<p>Y a\u00f1adi\u00f3: \u201cSi el compa\u00f1ero est\u00e1 19, un paso m\u00e1s atr\u00e1s. Y si su compa\u00f1ero pasa a Q3, intentar estar lo m\u00e1s cerca posible. Yo creo que eso lo va a hacer. Eso es lo que tiene que tratar de hacer Franco. De alguna manera, una vez que se sienta c\u00f3modo, no apresurar el paso, pero&nbsp;<strong>una vez que se sienta c\u00f3modo, tiene que estar muy cerca de Pierre Gasly y esa va a ser la vara\u201d<\/strong>.<\/p>\n\n\n\n<h2 class=\"wp-block-heading\">C\u00f3mo ver el Gran Premio de Imola de la F\u00f3rmula 1<\/h2>\n\n\n\n<ul class=\"wp-block-list\">\n<li>El Gran Premio de Emilia-Roma\u00f1a se podr\u00e1 ver en exclusiva con el\u00a0<em>Plan<\/em>\u00a0<em>Premium<\/em>\u00a0<em>Disney+<\/em>.<\/li>\n<\/ul>\n\n\n\n<h2 class=\"wp-block-heading\">Cu\u00e1ndo corre Franco Colapinto en el GP de Imola<\/h2>\n\n\n\n<p>El Gran Premio de Imola, carrera que marcar\u00e1 el regreso de&nbsp;<strong>Franco Colapinto&nbsp;<\/strong>a la F\u00f3rmula 1, ser\u00e1 el&nbsp;<strong>domingo 18 de mayo&nbsp;<\/strong>en el Autodromo Enzo e Dino Ferrari.<\/p>\n\n\n\n<h3 class=\"wp-block-heading\"><strong>Horarios del Gran Premio de Imola en Argentina:<\/strong><\/h3>\n\n\n\n<p><strong>Viernes 16 de mayo<\/strong><\/p>\n\n\n\n<ul class=\"wp-block-list\">\n<li>Pr\u00e1ctica Libre 1: 8:30 \u2013 9:30<\/li>\n\n\n\n<li>Pr\u00e1ctica Libre 2: 12:00 \u2013 13:15<\/li>\n<\/ul>\n\n\n\n<p><strong>S\u00e1bado 17 de mayo<\/strong><\/p>\n\n\n\n<ul class=\"wp-block-list\">\n<li>Pr\u00e1ctica Libre 3: 7:30 \u2013 8:30<\/li>\n\n\n\n<li>Clasificaci\u00f3n: 11:00 \u2013 12:00<\/li>\n<\/ul>\n\n\n\n<p><strong>Domingo 18 de mayo<\/strong><\/p>\n\n\n\n<ul class=\"wp-block-list\">\n<li>Carrera: 10:00<\/li>\n<\/ul>\n","protected":false},"excerpt":{"rendered":"<p>Fernando Tornello y Juan Fossaroli hablaron sobre las expectativas para el Gran Premio de Imola y tambi\u00e9n de la presi\u00f3n que tendr\u00e1 el piloto argentino de parte de los medios&hellip; <\/p>\n","protected":false},"author":8,"featured_media":207572,"comment_status":"closed","ping_status":"open","sticky":false,"template":"","format":"standard","meta":{"footnotes":""},"categories":[4],"tags":[],"class_list":["post-207571","post","type-post","status-publish","format-standard","has-post-thumbnail","hentry","category-deportes"],"_links":{"self":[{"href":"https:\/\/corrientesdetarde.com\/index.php\/wp-json\/wp\/v2\/posts\/207571","targetHints":{"allow":["GET"]}}],"collection":[{"href":"https:\/\/corrientesdetarde.com\/index.php\/wp-json\/wp\/v2\/posts"}],"about":[{"href":"https:\/\/corrientesdetarde.com\/index.php\/wp-json\/wp\/v2\/types\/post"}],"author":[{"embeddable":true,"href":"https:\/\/corrientesdetarde.com\/index.php\/wp-json\/wp\/v2\/users\/8"}],"replies":[{"embeddable":true,"href":"https:\/\/corrientesdetarde.com\/index.php\/wp-json\/wp\/v2\/comments?post=207571"}],"version-history":[{"count":1,"href":"https:\/\/corrientesdetarde.com\/index.php\/wp-json\/wp\/v2\/posts\/207571\/revisions"}],"predecessor-version":[{"id":207573,"href":"https:\/\/corrientesdetarde.com\/index.php\/wp-json\/wp\/v2\/posts\/207571\/revisions\/207573"}],"wp:featuredmedia":[{"embeddable":true,"href":"https:\/\/corrientesdetarde.com\/index.php\/wp-json\/wp\/v2\/media\/207572"}],"wp:attachment":[{"href":"https:\/\/corrientesdetarde.com\/index.php\/wp-json\/wp\/v2\/media?parent=207571"}],"wp:term":[{"taxonomy":"category","embeddable":true,"href":"https:\/\/corrientesdetarde.com\/index.php\/wp-json\/wp\/v2\/categories?post=207571"},{"taxonomy":"post_tag","embeddable":true,"href":"https:\/\/corrientesdetarde.com\/index.php\/wp-json\/wp\/v2\/tags?post=207571"}],"curies":[{"name":"wp","href":"https:\/\/api.w.org\/{rel}","templated":true}]}}