{"id":207574,"date":"2025-05-14T13:55:20","date_gmt":"2025-05-14T16:55:20","guid":{"rendered":"https:\/\/corrientesdetarde.com\/?p=207574"},"modified":"2025-05-14T13:55:25","modified_gmt":"2025-05-14T16:55:25","slug":"el-inesperado-guino-de-wanda-nara-a-benjamin-vicuna-en-las-redes-sera-que-vemos-la-misma-luna","status":"publish","type":"post","link":"https:\/\/corrientesdetarde.com\/index.php\/espectaculos\/el-inesperado-guino-de-wanda-nara-a-benjamin-vicuna-en-las-redes-sera-que-vemos-la-misma-luna\/","title":{"rendered":"El inesperado gui\u00f1o de Wanda Nara a Benjam\u00edn Vicu\u00f1a en las redes: \u201cSer\u00e1 que vemos la misma luna\u201d"},"content":{"rendered":"\n<p>En medio del romance de la China Su\u00e1rez y Mauro Icardi, la medi\u00e1tica busca complicidad en el actor chileno a trav\u00e9s de una historia de Instagram.<\/p>\n\n\n\n<p><strong>Wanda Nara<\/strong>\u00a0l<strong>e hizo un inesperado gui\u00f1o a<\/strong>\u00a0<strong>Benjam\u00edn Vicu\u00f1a<\/strong>\u00a0en las redes sociales. En medio del romance de la\u00a0<strong>China Su\u00e1rez<\/strong>\u00a0y\u00a0<strong>Mauro Icardi<\/strong>, la medi\u00e1tica busca complicidad en el actor chileno.<\/p>\n\n\n\n<p>Este martes, Vicu\u00f1a comparti\u00f3 en sus historias de Instagram una foto de la luna. A los cinco minutos, Wanda comparti\u00f3 una imagen muy similar con una sugerente frase:&nbsp;<strong>\u201c\u00bfSer\u00e1 que vemos la misma luna?\u201c<\/strong>.<\/p>\n\n\n\n<figure class=\"wp-block-image\"><img decoding=\"async\" src=\"https:\/\/tn.com.ar\/resizer\/v2\/el-inesperado-guino-de-wanda-nara-a-benjamin-vicuna-sera-que-vemos-la-misma-luna-foto-instagram-wandanara-benjaminvicunaok-QK3VXIFTRNGGZNP2JO3KG22GDI.jpg?auth=f21e8a5cea28b15f644fadb6250da98814e7a5c67b8975c44f5d57a96fdf9007&amp;width=767\" alt=\"El inesperado gui\u00f1o de Wanda Nara a Benjam\u00edn Vicu\u00f1a: \u201cSer\u00e1 que vemos la misma luna\u201d (Foto: Instagram \/wanda_nara \/benjaminvicuna.ok\/)\"\/><\/figure>\n\n\n\n<p>El gesto no pas\u00f3 inadvertido en redes sociales donde los usuarios reaccionaron con todo tipo de comentarios y ocurrencias.<\/p>\n\n\n\n<p><strong>\u201cSer\u00eda una muy buena narrativa si estos dos gar&#8230;\u201d, \u201cWanda esta loca de remate\u201d, \u201cYo tambi\u00e9n estoy viendo la misma luna que Vicu\u00f1a e Icardi jaja M\u00e1s payasa no se consigue\u201d, \u201cBenjamin con Wanda ser\u00eda el plot twist ideal para revivir la trama de la telenovela turca hay que decirlo\u201d, \u201cNo porque Vicu\u00f1a tambi\u00e9n tiene hipermetrop\u00eda\u201d<\/strong>, fueron algunos de los mensajes que m\u00e1s se repitieron.<\/p>\n\n\n\n<h2 class=\"wp-block-heading\">La China Su\u00e1rez cont\u00f3 c\u00f3mo es Icardi en la intimidad y asegur\u00f3 que piensan en casarse: \u201cEnvejecer\u00eda a su lado\u201d<\/h2>\n\n\n\n<p><strong>La China Su\u00e1rez<\/strong>&nbsp;<strong>habl\u00f3 a coraz\u00f3n abierto sobre su presente en una entrevista que concedi\u00f3 a&nbsp;<\/strong><em><strong>La Pasi\u00f3n<\/strong><\/em>, un ciclo de streaming que produce la&nbsp;<em>Televisi\u00f3n P\u00fablica<\/em>.<\/p>\n\n\n\n<p>Durante la charla, la actriz no dud\u00f3 en asegurar que encontr\u00f3 un compa\u00f1ero para toda la vida en&nbsp;<strong>Mauro Icardi<\/strong>. \u201cMe pasa que<strong>&nbsp;tenemos un nivel de compatibilidad que nunca hab\u00eda experimentado<\/strong>, y no lo digo para hablar mal de las personas con las que estuve\u201d, sostuvo en el di\u00e1logo con Gustavo M\u00e9ndez.<\/p>\n\n\n\n<figure class=\"wp-block-image\"><img decoding=\"async\" src=\"https:\/\/tn.com.ar\/resizer\/v2\/la-china-suarez-hablo-sobre-la-posibilidad-de-casarse-con-mauro-icardi-foto-captura-youtube-television-publica-L7IW57ZV6ZG7RCEHHWY2DW3DE4.jpg?auth=0482ddd367b35172730dd00b0c8e7908ae9657dc286b303b254a7335fa7941fe&amp;width=767\" alt=\"La China Su\u00e1rez habl\u00f3 sobre la posibilidad de casarse con Mauro Icardi. (Foto: Captura YouTube Televisi\u00f3n P\u00fablica)\"\/><\/figure>\n\n\n\n<p>\u201cNunca me hab\u00eda pasado de decir \u2018tengo todo en una persona\u2019. Esa cosa de compa\u00f1erismo, de querer hacer todo con la otra persona; cuando yo era de esas personas que necesitaba su espacio\u201d, admiti\u00f3 la actriz. Y remarc\u00f3: \u201c<strong>Re envejecer\u00eda al lado de esta persona\u201d<\/strong>.<\/p>\n\n\n\n<p>En ese sentido, enumer\u00f3 todo lo que comparte con su novio: \u201c<strong>Cuando entra en confianza, \u00e9l es muy divertido.&nbsp;<\/strong>Nos re\u00edmos de las mismas cosas, tenemos el mismo humor negro. Somos muy similares\u201d.<\/p>\n\n\n\n<p>Luego, explic\u00f3 que no duda en entregarse por completo a lo que siente. \u201cCuando estoy enamorada manejo una intensidad, pero es con la misma intensidad que dejo de amar. Por eso a veces parezco fr\u00eda, pero&#8230; cuando amo, te doy todo. Mi coraz\u00f3n, mi confianza\u201d, admiti\u00f3.<\/p>\n\n\n\n<p>Su\u00e1rez asegur\u00f3 que este romance la encuentra en una etapa \u201cm\u00e1s madura\u201d. Incluso, dej\u00f3 entrever que estos sentimientos la llevaron a pensar por primera vez en la posibilidad de casarse.<\/p>\n\n\n\n<figure class=\"wp-block-image\"><img decoding=\"async\" src=\"https:\/\/tn.com.ar\/resizer\/v2\/asi-confirmaron-su-compromiso-mauro-icardi-y-la-china-suarez-foto-instagram-sangrejaponesa-H5GUZIQE65DOHGCZW5HHM6APIA.PNG?auth=69caa9b3016f366df4e1fedf03434bc5d190e5dd4f88e6fd41d1b627834f78ca&amp;width=767\" alt=\"As\u00ed confirmaron su compromiso Mauro Icardi y la China Su\u00e1rez. (Foto: Instagram \/ sangrejaponesa)\"\/><\/figure>\n\n\n\n<p>\u201cYo dec\u00eda para qu\u00e9 me voy a casar si despu\u00e9s me voy a divorciar y va a ser un l\u00edo. Los papeles, la fiesta&#8230;me daba no s\u00e9&#8230; Del otro lado, obviamente no era bien recibido\u201d, se sincer\u00f3.<\/p>\n\n\n\n<p>Y a\u00f1adi\u00f3:&nbsp;<strong>\u201cOjal\u00e1 alg\u00fan d\u00eda me case. Antes s\u00ed, lo descartaba, supongo que tiene que ver con la madurez<\/strong>\u201d.<\/p>\n\n\n\n<p>M\u00e1s all\u00e1 de que fueron varios los posteos en los que dieron a entender que la boda es inminente -y hasta presumieron el valioso anillo de compromiso durante sus vacaciones en Miami-, la artista sostuvo que no se trata de un paso que vayan a dar en el corto plazo.<\/p>\n\n\n\n<p>\u201cAunque hagamos todo juntos, no tenemos apuro.<strong>&nbsp;Todo se va dando con mucha naturalidad, fluye muy bien<\/strong>\u201d, remat\u00f3<em><strong>.<\/strong><\/em><\/p>\n","protected":false},"excerpt":{"rendered":"<p>En medio del romance de la China Su\u00e1rez y Mauro Icardi, la medi\u00e1tica busca complicidad en el actor chileno a trav\u00e9s de una historia de Instagram. Wanda Nara\u00a0le hizo un&hellip; <\/p>\n","protected":false},"author":8,"featured_media":207575,"comment_status":"closed","ping_status":"open","sticky":false,"template":"","format":"standard","meta":{"footnotes":""},"categories":[19],"tags":[],"class_list":["post-207574","post","type-post","status-publish","format-standard","has-post-thumbnail","hentry","category-espectaculos"],"_links":{"self":[{"href":"https:\/\/corrientesdetarde.com\/index.php\/wp-json\/wp\/v2\/posts\/207574","targetHints":{"allow":["GET"]}}],"collection":[{"href":"https:\/\/corrientesdetarde.com\/index.php\/wp-json\/wp\/v2\/posts"}],"about":[{"href":"https:\/\/corrientesdetarde.com\/index.php\/wp-json\/wp\/v2\/types\/post"}],"author":[{"embeddable":true,"href":"https:\/\/corrientesdetarde.com\/index.php\/wp-json\/wp\/v2\/users\/8"}],"replies":[{"embeddable":true,"href":"https:\/\/corrientesdetarde.com\/index.php\/wp-json\/wp\/v2\/comments?post=207574"}],"version-history":[{"count":1,"href":"https:\/\/corrientesdetarde.com\/index.php\/wp-json\/wp\/v2\/posts\/207574\/revisions"}],"predecessor-version":[{"id":207576,"href":"https:\/\/corrientesdetarde.com\/index.php\/wp-json\/wp\/v2\/posts\/207574\/revisions\/207576"}],"wp:featuredmedia":[{"embeddable":true,"href":"https:\/\/corrientesdetarde.com\/index.php\/wp-json\/wp\/v2\/media\/207575"}],"wp:attachment":[{"href":"https:\/\/corrientesdetarde.com\/index.php\/wp-json\/wp\/v2\/media?parent=207574"}],"wp:term":[{"taxonomy":"category","embeddable":true,"href":"https:\/\/corrientesdetarde.com\/index.php\/wp-json\/wp\/v2\/categories?post=207574"},{"taxonomy":"post_tag","embeddable":true,"href":"https:\/\/corrientesdetarde.com\/index.php\/wp-json\/wp\/v2\/tags?post=207574"}],"curies":[{"name":"wp","href":"https:\/\/api.w.org\/{rel}","templated":true}]}}