{"id":207577,"date":"2025-05-14T13:57:57","date_gmt":"2025-05-14T16:57:57","guid":{"rendered":"https:\/\/corrientesdetarde.com\/?p=207577"},"modified":"2025-05-14T13:58:08","modified_gmt":"2025-05-14T16:58:08","slug":"la-despedida-del-presidente-de-uruguay-a-jose-pepe-mujica-gracias-por-tu-profundo-amor-al-pueblo","status":"publish","type":"post","link":"https:\/\/corrientesdetarde.com\/index.php\/internacionales\/la-despedida-del-presidente-de-uruguay-a-jose-pepe-mujica-gracias-por-tu-profundo-amor-al-pueblo\/","title":{"rendered":"La despedida del presidente de Uruguay a Jos\u00e9 \u201cPepe\u201d Mujica: \u201cGracias por tu profundo amor al pueblo\u201d"},"content":{"rendered":"\n<p>Yamand\u00fa Orsi confirm\u00f3 la noticia en las redes sociales. El expresidente ten\u00eda 89 a\u00f1os.<\/p>\n\n\n\n<p>El expresidente uruguayo&nbsp;<strong>Jos\u00e9 \u201cPepe\u201d Mujica<\/strong>&nbsp;muri\u00f3 este martes a los 89 a\u00f1os de edad. Lo confirm\u00f3 el mandatario<strong>&nbsp;Yamand\u00fa Orsi<\/strong>.<\/p>\n\n\n\n<p>\u201cCon profundo dolor comunicamos que falleci\u00f3 nuestro compa\u00f1ero Pepe Mujica. Presidente, militante, referente y conductor. Te vamos a extra\u00f1ar mucho Viejo querido. Gracias por todo lo que nos diste y por tu profundo amor por tu pueblo\u201d, escribi\u00f3 Orsi en su cuenta de X.<\/p>\n\n\n\n<p>Mujica atravesaba un c\u00e1ncer de es\u00f3fago en estado terminal, seg\u00fan hab\u00eda anunciado este fin de semana su esposa,&nbsp;<strong>Luc\u00eda Topolansky<\/strong>.<\/p>\n\n\n\n<figure class=\"wp-block-image\"><img decoding=\"async\" src=\"https:\/\/tn.com.ar\/resizer\/v2\/el-posteo-de-yamandu-orsi-foto-xorsiyamanducaptura-S6E575L7VZGJ7HF32RL7TDVXBU.PNG?auth=7d632e5f11deaf9cb1a942c3bb5e5b85efd27eddbb90ece32e8135866f943aab&amp;width=767\" alt=\"El posteo de Yamand\u00fa Orsi (Foto: X\/@OrsiYamandu\/captura)\"\/><figcaption class=\"wp-element-caption\">El posteo de Yamand\u00fa Orsi (Foto: X\/@OrsiYamandu\/captura)<\/figcaption><\/figure>\n\n\n\n<p>Tambi\u00e9n se despidi\u00f3 en redes sociales la vicepresidenta, Carolina Cosse.<\/p>\n\n\n\n<p>Pepe, desde todas sus facetas, nos invit\u00f3 a pensar en otro mundo posible. Lo recordaremos con el coraz\u00f3n&#8221;, escribi\u00f3.<\/p>\n\n\n\n<figure class=\"wp-block-image\"><img decoding=\"async\" src=\"https:\/\/tn.com.ar\/resizer\/v2\/la-despedida-de-la-vicepresidenta-de-uruguay-carolina-cosse-foto-xcossecarolinacaptura-W7J27QJ4FNCXRJNFP7R32C66Y4.PNG?auth=4a7cbc9bac0134bb7b2cd26afd7d7e58ae0eec319bad5ae7bc199fb46546bc3a&amp;width=767\" alt=\"La despedida de la vicepresidenta de Uruguay, Carolina Cosse (Foto: X\/CosseCarolina\/captura)\"\/><\/figure>\n\n\n\n<p>El Movimiento de Participaci\u00f3n Popular (<strong>MPP<\/strong>), creado por Mujica e integrante del Frente Amplio, despidi\u00f3 al exmandatario con un video bajo el mensaje: \u201c\u00a1<strong>Hasta siempre viejo querido<\/strong>!\u201d.<\/p>\n\n\n\n<h2 class=\"wp-block-heading\">\u201cHasta aqu\u00ed llegu\u00e9, hermano\u201d<\/h2>\n\n\n\n<p>Mujica anunci\u00f3 a comienzos de este a\u00f1o que el c\u00e1ncer de es\u00f3fago, diagnosticado y tratado en 2024, se hab\u00eda extendido a su h\u00edgado. Entonces, decidi\u00f3 no someterse a m\u00e1s tratamientos.&nbsp;<strong>\u201cEstoy condenado, hermano. Hasta ac\u00e1 llegu\u00e9\u201d<\/strong>, dijo entonces el hist\u00f3rico dirigente, seg\u00fan la prensa uruguaya.<\/p>\n\n\n\n<p>Antes se hab\u00eda sometido a un proceso de&nbsp;<strong>radioterapia&nbsp;<\/strong>y luego a una&nbsp;<strong>gastrostom\u00eda&nbsp;<\/strong>con una sonda g\u00e1strica para alimentarse. A fin de a\u00f1o se realiz\u00f3 otro tratamiento para colocarse un stent en el es\u00f3fago para mejorar la ingesta, record\u00f3 el diario&nbsp;<em>El Pa\u00eds&nbsp;<\/em>de Montevideo. Semanas despu\u00e9s los m\u00e9dicos le informaron que el c\u00e1ncer se hab\u00eda extendido. Mujica decidi\u00f3 entonces abandonar cualquier tipo de tratamiento.<\/p>\n","protected":false},"excerpt":{"rendered":"<p>Yamand\u00fa Orsi confirm\u00f3 la noticia en las redes sociales. El expresidente ten\u00eda 89 a\u00f1os. El expresidente uruguayo&nbsp;Jos\u00e9 \u201cPepe\u201d Mujica&nbsp;muri\u00f3 este martes a los 89 a\u00f1os de edad. Lo confirm\u00f3 el&hellip; <\/p>\n","protected":false},"author":8,"featured_media":207578,"comment_status":"closed","ping_status":"open","sticky":false,"template":"","format":"standard","meta":{"footnotes":""},"categories":[11],"tags":[],"class_list":["post-207577","post","type-post","status-publish","format-standard","has-post-thumbnail","hentry","category-internacionales"],"_links":{"self":[{"href":"https:\/\/corrientesdetarde.com\/index.php\/wp-json\/wp\/v2\/posts\/207577","targetHints":{"allow":["GET"]}}],"collection":[{"href":"https:\/\/corrientesdetarde.com\/index.php\/wp-json\/wp\/v2\/posts"}],"about":[{"href":"https:\/\/corrientesdetarde.com\/index.php\/wp-json\/wp\/v2\/types\/post"}],"author":[{"embeddable":true,"href":"https:\/\/corrientesdetarde.com\/index.php\/wp-json\/wp\/v2\/users\/8"}],"replies":[{"embeddable":true,"href":"https:\/\/corrientesdetarde.com\/index.php\/wp-json\/wp\/v2\/comments?post=207577"}],"version-history":[{"count":1,"href":"https:\/\/corrientesdetarde.com\/index.php\/wp-json\/wp\/v2\/posts\/207577\/revisions"}],"predecessor-version":[{"id":207579,"href":"https:\/\/corrientesdetarde.com\/index.php\/wp-json\/wp\/v2\/posts\/207577\/revisions\/207579"}],"wp:featuredmedia":[{"embeddable":true,"href":"https:\/\/corrientesdetarde.com\/index.php\/wp-json\/wp\/v2\/media\/207578"}],"wp:attachment":[{"href":"https:\/\/corrientesdetarde.com\/index.php\/wp-json\/wp\/v2\/media?parent=207577"}],"wp:term":[{"taxonomy":"category","embeddable":true,"href":"https:\/\/corrientesdetarde.com\/index.php\/wp-json\/wp\/v2\/categories?post=207577"},{"taxonomy":"post_tag","embeddable":true,"href":"https:\/\/corrientesdetarde.com\/index.php\/wp-json\/wp\/v2\/tags?post=207577"}],"curies":[{"name":"wp","href":"https:\/\/api.w.org\/{rel}","templated":true}]}}