{"id":207580,"date":"2025-05-14T14:00:17","date_gmt":"2025-05-14T17:00:17","guid":{"rendered":"https:\/\/corrientesdetarde.com\/?p=207580"},"modified":"2025-05-14T14:00:22","modified_gmt":"2025-05-14T17:00:22","slug":"adios-a-las-amistades-tradicionales-como-seran-reemplazadas-en-el-futuro-segun-mark-zuckerberg","status":"publish","type":"post","link":"https:\/\/corrientesdetarde.com\/index.php\/tecnologia\/adios-a-las-amistades-tradicionales-como-seran-reemplazadas-en-el-futuro-segun-mark-zuckerberg\/","title":{"rendered":"Adi\u00f3s a las amistades tradicionales: c\u00f3mo ser\u00e1n reemplazadas en el futuro, seg\u00fan Mark Zuckerberg"},"content":{"rendered":"\n<p>El empresario dio una conferencia en la que explic\u00f3 su punto de vista. \u00bfPor qu\u00e9, seg\u00fan \u00e9l, los avances tecnol\u00f3gicos van a cambiar nuestras relaciones?<\/p>\n\n\n\n<p><strong>Mark Zuckerberg<\/strong>, creador de\u00a0<strong>Facebook<\/strong> y\u00a0<strong>CEO de Meta<\/strong>, sorprendi\u00f3 al mundo con una frase que podr\u00eda cambiar la forma en que conocemos las relaciones personales. Seg\u00fan el empresario, las amistades tal como las conocemos est\u00e1n destinadas a\u00a0<strong>transformarse gracias a los avances tecnol\u00f3gicos<\/strong>.<\/p>\n\n\n\n<p>En una reciente conferencia en el evento anual de&nbsp;<em>Stripe<\/em>, Zuckerberg explic\u00f3 que la tecnolog\u00eda no solo est\u00e1 modificando la manera en que nos comunicamos, sino que tambi\u00e9n est\u00e1 redefiniendo el concepto de amistad.&nbsp;<strong>\u201cLas conexiones virtuales ser\u00e1n tan significativas como las f\u00edsicas\u201d<\/strong>, asegur\u00f3.<\/p>\n\n\n\n<p>De esta manera, anticip\u00f3 un futuro en el que las interacciones digitales&nbsp;<strong>podr\u00edan reemplazar a las tradicionales<\/strong>. Por otro lado, afirm\u00f3 que las personas&nbsp;<strong>desean tener m\u00e1s amigos de los que tienen<\/strong>&nbsp;y cree que&nbsp;<strong>los chatbots de IA podr\u00edan ocupar esos roles<\/strong>.<\/p>\n\n\n\n<figure class=\"wp-block-image\"><img decoding=\"async\" src=\"https:\/\/tn.com.ar\/resizer\/v2\/el-ceo-de-meta-aseguro-que-los-chatbots-de-ia-podrian-reemplazar-nuestras-amistades-foto-reutersmanuel-orbegozo-7K7X5XMIPBAURLCHBKPHDJUPSE.jpeg?auth=10d3a17c4a920d2e03fe91fe25c02a66d1d45b6c7a43d3afcf5d85b5a9071e06&amp;width=767\" alt=\"El CEO de Meta asegur\u00f3 que los chatbots de IA podr\u00edan reemplazar nuestras amistades. (Foto: Reuters\/Manuel Orbegozo)\"\/><\/figure>\n\n\n\n<h2 class=\"wp-block-heading\">C\u00f3mo la IA podr\u00eda reemplazar a nuestros amigos en el futuro<\/h2>\n\n\n\n<p>El CEO de Meta revel\u00f3 que los algoritmos que ya&nbsp;<strong>personalizan los contenidos<\/strong>&nbsp;de las redes sociales tambi\u00e9n podr\u00edan hacerlo en base al&nbsp;<strong>estado emocional de una persona<\/strong>.<\/p>\n\n\n\n<p><strong>\u201cLa gente va a querer un sistema que los conozca bien y que los entienda de la misma manera que lo hacen sus algoritmos de feed\u201d<\/strong>, explay\u00f3 en el evento. Por otro lado, Ben Thompson, analista de medios, coment\u00f3 que en el futuro todos podr\u00edan acceder a una&nbsp;<strong>inteligencia artificial que funcione como terapeuta<\/strong>.<\/p>\n","protected":false},"excerpt":{"rendered":"<p>El empresario dio una conferencia en la que explic\u00f3 su punto de vista. \u00bfPor qu\u00e9, seg\u00fan \u00e9l, los avances tecnol\u00f3gicos van a cambiar nuestras relaciones? Mark Zuckerberg, creador de\u00a0Facebook y\u00a0CEO&hellip; <\/p>\n","protected":false},"author":8,"featured_media":207581,"comment_status":"closed","ping_status":"open","sticky":false,"template":"","format":"standard","meta":{"footnotes":""},"categories":[24],"tags":[],"class_list":["post-207580","post","type-post","status-publish","format-standard","has-post-thumbnail","hentry","category-tecnologia"],"_links":{"self":[{"href":"https:\/\/corrientesdetarde.com\/index.php\/wp-json\/wp\/v2\/posts\/207580","targetHints":{"allow":["GET"]}}],"collection":[{"href":"https:\/\/corrientesdetarde.com\/index.php\/wp-json\/wp\/v2\/posts"}],"about":[{"href":"https:\/\/corrientesdetarde.com\/index.php\/wp-json\/wp\/v2\/types\/post"}],"author":[{"embeddable":true,"href":"https:\/\/corrientesdetarde.com\/index.php\/wp-json\/wp\/v2\/users\/8"}],"replies":[{"embeddable":true,"href":"https:\/\/corrientesdetarde.com\/index.php\/wp-json\/wp\/v2\/comments?post=207580"}],"version-history":[{"count":1,"href":"https:\/\/corrientesdetarde.com\/index.php\/wp-json\/wp\/v2\/posts\/207580\/revisions"}],"predecessor-version":[{"id":207582,"href":"https:\/\/corrientesdetarde.com\/index.php\/wp-json\/wp\/v2\/posts\/207580\/revisions\/207582"}],"wp:featuredmedia":[{"embeddable":true,"href":"https:\/\/corrientesdetarde.com\/index.php\/wp-json\/wp\/v2\/media\/207581"}],"wp:attachment":[{"href":"https:\/\/corrientesdetarde.com\/index.php\/wp-json\/wp\/v2\/media?parent=207580"}],"wp:term":[{"taxonomy":"category","embeddable":true,"href":"https:\/\/corrientesdetarde.com\/index.php\/wp-json\/wp\/v2\/categories?post=207580"},{"taxonomy":"post_tag","embeddable":true,"href":"https:\/\/corrientesdetarde.com\/index.php\/wp-json\/wp\/v2\/tags?post=207580"}],"curies":[{"name":"wp","href":"https:\/\/api.w.org\/{rel}","templated":true}]}}