{"id":207614,"date":"2025-05-14T15:57:42","date_gmt":"2025-05-14T18:57:42","guid":{"rendered":"https:\/\/corrientesdetarde.com\/?p=207614"},"modified":"2025-05-14T15:57:53","modified_gmt":"2025-05-14T18:57:53","slug":"de-deportaciones-expres-a-cambios-para-obtener-la-ciudadania-los-detalles-de-la-reforma-migratoria","status":"publish","type":"post","link":"https:\/\/corrientesdetarde.com\/index.php\/politica\/de-deportaciones-expres-a-cambios-para-obtener-la-ciudadania-los-detalles-de-la-reforma-migratoria\/","title":{"rendered":"De deportaciones expr\u00e9s a cambios para obtener la ciudadan\u00eda: los detalles de la reforma migratoria"},"content":{"rendered":"\n<p>En medio de la campa\u00f1a, el vocero presidencial anunci\u00f3 un endurecimiento de las pol\u00edticas de seguridad sobre los extranjeros. Cu\u00e1les son las modificaciones sobre la salud y la educaci\u00f3n p\u00fablica.<\/p>\n\n\n\n<p>El Gobierno endureci\u00f3 este mi\u00e9rcoles la\u00a0<strong>pol\u00edtica migratoria\u00a0<\/strong>con\u00a0una serie de medidas\u00a0que van desde los nuevos requisitos para otorgar la ciudadan\u00eda hasta las deportaciones expr\u00e9s.<\/p>\n\n\n\n<p>Los cambios m\u00e1s duros que anunci\u00f3 el vocero presidencial,\u00a0<strong>Manuel Adorni,<\/strong>\u00a0llegaron desde el Ministerio de Seguridad que conduce\u00a0<strong>Patricia Bullrich.<\/strong><\/p>\n\n\n\n<p>El Gobierno\u00a0habilit\u00f3 que se puedan realizar\u00a0<strong>deportaciones expr\u00e9s.\u00a0<\/strong>Es decir, todos aquellos extranjeros que ingresen por pasos no habilitados o que mientan en cualquier informaci\u00f3n para poder entrar al pa\u00eds,\u00a0<strong>ser\u00e1n deportados.<\/strong><\/p>\n\n\n\n<p>Por disposici\u00f3n del Ejecutivo, tambi\u00e9n se&nbsp;<strong>deportar\u00e1n a todos los extranjeros que sean condenados por un delito,&nbsp;<\/strong>sin importar la gravedad del mismo.<\/p>\n\n\n\n<p>En l\u00ednea con esa pol\u00edtica, anunciaron que buscar\u00e1n&nbsp;<strong>acortar los plazos de los procesos de apelaci\u00f3n para las expulsiones.<\/strong>&nbsp;Desde el Gobierno buscan deportar a los extranjeros condenados lo m\u00e1s r\u00e1pido posible.<\/p>\n\n\n\n<figure class=\"wp-block-image\"><img decoding=\"async\" src=\"https:\/\/tn.com.ar\/resizer\/v2\/el-comunicado-de-la-oficina-del-presidente-de-la-republica-argentina-foto-xoprargentina-HJ6DVUWZOFBQ7EUUY6MD2OWZLE.jfif?auth=acf893119c8310012a5f80ea4b346853d3bfbc80862ed7fec26206987741f249&amp;width=767\" alt=\"El comunicado de la Oficina del Presidente de la Rep\u00fablica Argentina. (Foto: x\/OPRArgentina).\"\/><\/figure>\n\n\n\n<p>Las medidas no solo ser\u00e1n para deportar a aquellos extranjeros que est\u00e9n por fuera de la ley, tambi\u00e9n son para evitar su ingreso.<\/p>\n\n\n\n<p>El vocero presidencial inform\u00f3 que ning\u00fan&nbsp;<strong>inmigrantes condenado<\/strong>&nbsp;<strong>podr\u00e1 entrar al pa\u00eds&nbsp;<\/strong>y su ingreso ser\u00e1 rechazado por las autoridades migratorias.<\/p>\n\n\n\n<p>En un comunicado oficial que emiti\u00f3 la Oficina del Presidente de la Rep\u00fablica Argentina (OPRA), detallaron que en los \u00faltimos 20 a\u00f1os ingresaron&nbsp;<strong>1.700.000&nbsp;<\/strong>extranjeros de manera irregular.<\/p>\n\n\n\n<h2 class=\"wp-block-heading\">Los hospitales p\u00fablicos les cobrar\u00e1n la atenci\u00f3n a los extranjeros<\/h2>\n\n\n\n<p>Entre las diferentes medidas que anunci\u00f3 el Gobierno este mi\u00e9rcoles, se confirm\u00f3 que&nbsp;<strong>los hospitales p\u00fablicos les cobrar\u00e1n la atenci\u00f3n a los extranjeros<\/strong>.<\/p>\n\n\n\n<p>A partir de ahora, los inmigrantes ilegales y los residentes transitorios&nbsp;<strong>deber\u00e1n pagar por los servicios de salud&nbsp;<\/strong>en los hospitales p\u00fablicos.<\/p>\n\n\n\n<p>La medida se extiende a todos los extranjeros que ingresen a la Argentina. En esos casos, deber\u00e1n presentar<strong>&nbsp;un seguro m\u00e9dico&nbsp;<\/strong>para garantizar la capacidad pago.<\/p>\n\n\n\n<p>Desde\u00a0el Gobierno\u00a0se\u00f1alaron que\u00a0<strong>en 8 hospitales nacionales se gastaron 114 mil millones de pesos\u00a0<\/strong>en atender pacientes extranjeros.<\/p>\n\n\n\n<h2 class=\"wp-block-heading\">Cambios en los requisitos para obtener el DNI<\/h2>\n\n\n\n<p>El Gobierno tambi\u00e9n dispuso cambios en los requisitos para otorgar el Documento Nacional de Identidad (DNI) a los&nbsp;<strong>extranjeros&nbsp;<\/strong>que vivan en el pa\u00eds.<\/p>\n\n\n\n<p><strong>\u201cVan a ser m\u00e1s severos los requisitos<\/strong>&nbsp;para obtener la residencia permanente y la ciudadan\u00eda argentina&#8221;, adelant\u00f3 el vocero antes de detallar la medida.<\/p>\n\n\n\n<p>La ciudadan\u00eda nacional se otorgar\u00e1 a quienes<strong>&nbsp;residan de manera continua durante dos a\u00f1os consecutivos en el pa\u00eds,&nbsp;<\/strong>sin abandonar el territorio nacional.<\/p>\n\n\n\n<p>\u201cQuienes entren o permanezcan de forma irregular,&nbsp;<strong>no van a ser recompensados con la ciudadan\u00eda,&nbsp;<\/strong>como ocurr\u00eda hasta ahora\u201d, se\u00f1al\u00f3 el candidato a legislador porte\u00f1o por la Libertad Avanza.<\/p>\n\n\n\n<p><\/p>\n","protected":false},"excerpt":{"rendered":"<p>En medio de la campa\u00f1a, el vocero presidencial anunci\u00f3 un endurecimiento de las pol\u00edticas de seguridad sobre los extranjeros. Cu\u00e1les son las modificaciones sobre la salud y la educaci\u00f3n p\u00fablica.&hellip; <\/p>\n","protected":false},"author":8,"featured_media":207615,"comment_status":"closed","ping_status":"open","sticky":false,"template":"","format":"standard","meta":{"footnotes":""},"categories":[3],"tags":[],"class_list":["post-207614","post","type-post","status-publish","format-standard","has-post-thumbnail","hentry","category-politica"],"_links":{"self":[{"href":"https:\/\/corrientesdetarde.com\/index.php\/wp-json\/wp\/v2\/posts\/207614","targetHints":{"allow":["GET"]}}],"collection":[{"href":"https:\/\/corrientesdetarde.com\/index.php\/wp-json\/wp\/v2\/posts"}],"about":[{"href":"https:\/\/corrientesdetarde.com\/index.php\/wp-json\/wp\/v2\/types\/post"}],"author":[{"embeddable":true,"href":"https:\/\/corrientesdetarde.com\/index.php\/wp-json\/wp\/v2\/users\/8"}],"replies":[{"embeddable":true,"href":"https:\/\/corrientesdetarde.com\/index.php\/wp-json\/wp\/v2\/comments?post=207614"}],"version-history":[{"count":1,"href":"https:\/\/corrientesdetarde.com\/index.php\/wp-json\/wp\/v2\/posts\/207614\/revisions"}],"predecessor-version":[{"id":207616,"href":"https:\/\/corrientesdetarde.com\/index.php\/wp-json\/wp\/v2\/posts\/207614\/revisions\/207616"}],"wp:featuredmedia":[{"embeddable":true,"href":"https:\/\/corrientesdetarde.com\/index.php\/wp-json\/wp\/v2\/media\/207615"}],"wp:attachment":[{"href":"https:\/\/corrientesdetarde.com\/index.php\/wp-json\/wp\/v2\/media?parent=207614"}],"wp:term":[{"taxonomy":"category","embeddable":true,"href":"https:\/\/corrientesdetarde.com\/index.php\/wp-json\/wp\/v2\/categories?post=207614"},{"taxonomy":"post_tag","embeddable":true,"href":"https:\/\/corrientesdetarde.com\/index.php\/wp-json\/wp\/v2\/tags?post=207614"}],"curies":[{"name":"wp","href":"https:\/\/api.w.org\/{rel}","templated":true}]}}