{"id":207708,"date":"2025-05-15T08:11:05","date_gmt":"2025-05-15T11:11:05","guid":{"rendered":"https:\/\/corrientesdetarde.com\/?p=207708"},"modified":"2025-05-15T08:11:12","modified_gmt":"2025-05-15T11:11:12","slug":"efemerides-del-15-de-mayo","status":"publish","type":"post","link":"https:\/\/corrientesdetarde.com\/index.php\/informacion-general\/efemerides-del-15-de-mayo\/","title":{"rendered":"Efem\u00e9rides del 15 de mayo"},"content":{"rendered":"\n<p>Cada<strong>\u00a015 de mayo<\/strong>\u00a0se celebran y conmemoran fechas que marcaron un antes y un despu\u00e9s tanto en Argentina como en el mundo.<\/p>\n\n\n\n<p><strong>1852<\/strong>&nbsp;&#8211;&nbsp;<strong>TOM\u00c1S GODOY CRUZ.<\/strong>&nbsp;A la edad de 61 a\u00f1os, un 15 de mayo, muere en Mendoza el exgobernador mendocino Tom\u00e1s Godoy Cruz, representante de su provincia ante el Congreso de Tucum\u00e1n que declar\u00f3 la independencia argentina, el 9 de julio de 1816.<\/p>\n\n\n\n<p><strong>1856<\/strong>&nbsp;&#8211;&nbsp;<strong>MATTHIAS ZURBRIGGEN.<\/strong>&nbsp;Nace en la comuna suiza de Saas Fee el escalador Matthias Zurbriggen, uno de los m\u00e1s grandes alpinistas del siglo XIX y el primero en llegar a la cumbre del cerro Aconcagua, el m\u00e1s alto de Am\u00e9rica. Fue precursor del alpinismo en solitario.<\/p>\n\n\n\n<p><strong>1874<\/strong>&nbsp;&#8211;&nbsp;<strong>AGUA Y CLOACAS.&nbsp;<\/strong>Comienzan las obras del sistema de cloacas y agua corriente de la ciudad de Buenos Aires dise\u00f1adas por el ingeniero ingl\u00e9s John Frederick La Trobe Bateman, art\u00edfice de la moderna industria de alcantarillado en el Reino Unido.<\/p>\n\n\n\n<p><strong>1925<\/strong>&nbsp;&#8211;&nbsp;<strong>NACE HORACIO GUARANY.<\/strong>&nbsp;Nace en la localidad santafesina de Las Garzas el m\u00fasico, compositor y escritor Horacio Guarany, ganador del Premio Konex de Platino de 1985 al mejor cantante de la historia del folklore. Grab\u00f3 56 \u00e1lbumes, el primero de ellos \u201cHoracio Guarany\u201d, de 1957.<\/p>\n\n\n\n<p><strong>1928<\/strong>&nbsp;&#8211;&nbsp;<strong>MICKEY MOUSE.<\/strong>&nbsp;El empresario, y dibujante y guionista Walt Disney estrena en Estados Unidos \u201cPlane Crazy\u201d, el primer cortometraje en el que aparece el rat\u00f3n Mickey, personaje que se convertir\u00eda en emblema de su compa\u00f1\u00eda.<\/p>\n\n\n\n<p><strong>1930<\/strong>&nbsp;&#8211;&nbsp;<strong>JUAN CARLOS MESA<\/strong>. Nace en la ciudad de C\u00f3rdoba el actor, humorista y guionista Juan Carlos Mesa, creador del programa de televisi\u00f3n &#8220;Mesa de noticias&#8221; y ganador de dos premios Mart\u00edn Fierro. Fue guionista de una quincena de pel\u00edculas y actu\u00f3 en doce.<\/p>\n\n\n\n<p><strong>1948<\/strong>&nbsp;&#8211;&nbsp;<strong>JUNE DEVANEY.<\/strong>&nbsp;Hallan asesinada a la ni\u00f1a June Anne Devaney, de tres a\u00f1os, desaparecida del hospital Queens Park de la ciudad inglesa hom\u00f3nima, crimen que conmovi\u00f3 al mundo. Se tomaron las huellas digitales a 40.000 personas para hallar al asesino, que result\u00f3 ser Peter Griffiths, de 22 a\u00f1os, detenido m\u00e1s de un a\u00f1o despu\u00e9s de haber matado a la ni\u00f1a.<\/p>\n\n\n\n<p><a href=\"https:\/\/billiken.lat\/interesante\/como-se-cuentan-los-puntos-en-el-tenis-y-por-que-se-usa-ese-sistema\/\"><\/a><\/p>\n\n\n\n<p><strong>1987<\/strong>&nbsp;&#8211;&nbsp;<strong>NACE ANDY MURRAY<\/strong>. Nace en la ciudad escocesa de Glasgow el tenista brit\u00e1nico Andy Murray, ganador de 45 t\u00edtulos de la Asociaci\u00f3n de Tenistas Profesionales (ATP). En noviembre de 2016 lleg\u00f3 al primer puesto del ranking de la ATP, en el que permaneci\u00f3 durante 41 semanas.<\/p>\n\n\n\n<p><strong>2004<\/strong>&nbsp;&#8211;&nbsp;<strong>NARCISO IB\u00c1\u00d1EZ MENTA.<\/strong>&nbsp;A la edad de 91 a\u00f1os muere en Madrid el actor y director de teatro espa\u00f1ol nacionalizado argentino Narciso Ib\u00e1\u00f1ez Menta, famoso en los pa\u00edses de habla hispana por su labor en obras de ficci\u00f3n y terror. Es el autor de las exitosas series de televisi\u00f3n &#8220;El pulpo negro&#8221;, \u201cEl mu\u00f1eco maldito\u201d y \u201cEl hombre que volvi\u00f3 de la muerte\u201d.<\/p>\n\n\n\n<figure class=\"wp-block-image\"><img decoding=\"async\" src=\"https:\/\/billiken.lat\/wp-content\/uploads\/2024\/05\/cuerpo-12-6.jpg\" alt=\"15 de mayo - Ceratti\" class=\"wp-image-83898\"\/><\/figure>\n\n\n\n<p><strong>2010<\/strong>&nbsp;&#8211;&nbsp;<strong>GUSTAVO CERATI.<\/strong>&nbsp;El cantante, compositor y m\u00fasico Gustavo Cerati, ex l\u00edder de la banda de rock Soda Stereo, sufre un accidente cerebro vascular (ACV) cuando celebraba el \u00e9xito del show que hab\u00eda ofrecido en la Universidad Sim\u00f3n Bol\u00edvar de Caracas.<\/p>\n\n\n\n<p><strong>2011<\/strong>&nbsp;&#8211;&nbsp;<strong>INDIGNADOS<\/strong>. Nace el Movimiento 15 de Mayo, m\u00e1s conocido como movimiento \u201cde los indignados\u201d, que acamparon en Madrid y otras ciudades de Espa\u00f1a convocados por diversas organizaciones para protestar por la crisis econ\u00f3mica y reclamar una democracia \u201cm\u00e1s participativa\u201d.<\/p>\n\n\n\n<p><strong>2025<\/strong>&nbsp;&#8211;&nbsp;<strong>D\u00cdA DE LAS FAMILIAS.<\/strong>&nbsp;Se celebra el D\u00eda Internacional de las Familias, declarado en 1993 por la Organizaci\u00f3n de las Naciones Unidas con el fin de reflejar su importancia como unidad b\u00e1sica de la sociedad.<\/p>\n","protected":false},"excerpt":{"rendered":"<p>Cada\u00a015 de mayo\u00a0se celebran y conmemoran fechas que marcaron un antes y un despu\u00e9s tanto en Argentina como en el mundo. 1852&nbsp;&#8211;&nbsp;TOM\u00c1S GODOY CRUZ.&nbsp;A la edad de 61 a\u00f1os, un&hellip; <\/p>\n","protected":false},"author":1,"featured_media":207712,"comment_status":"closed","ping_status":"open","sticky":false,"template":"","format":"standard","meta":{"footnotes":""},"categories":[1],"tags":[],"class_list":["post-207708","post","type-post","status-publish","format-standard","has-post-thumbnail","hentry","category-informacion-general"],"_links":{"self":[{"href":"https:\/\/corrientesdetarde.com\/index.php\/wp-json\/wp\/v2\/posts\/207708","targetHints":{"allow":["GET"]}}],"collection":[{"href":"https:\/\/corrientesdetarde.com\/index.php\/wp-json\/wp\/v2\/posts"}],"about":[{"href":"https:\/\/corrientesdetarde.com\/index.php\/wp-json\/wp\/v2\/types\/post"}],"author":[{"embeddable":true,"href":"https:\/\/corrientesdetarde.com\/index.php\/wp-json\/wp\/v2\/users\/1"}],"replies":[{"embeddable":true,"href":"https:\/\/corrientesdetarde.com\/index.php\/wp-json\/wp\/v2\/comments?post=207708"}],"version-history":[{"count":2,"href":"https:\/\/corrientesdetarde.com\/index.php\/wp-json\/wp\/v2\/posts\/207708\/revisions"}],"predecessor-version":[{"id":207714,"href":"https:\/\/corrientesdetarde.com\/index.php\/wp-json\/wp\/v2\/posts\/207708\/revisions\/207714"}],"wp:featuredmedia":[{"embeddable":true,"href":"https:\/\/corrientesdetarde.com\/index.php\/wp-json\/wp\/v2\/media\/207712"}],"wp:attachment":[{"href":"https:\/\/corrientesdetarde.com\/index.php\/wp-json\/wp\/v2\/media?parent=207708"}],"wp:term":[{"taxonomy":"category","embeddable":true,"href":"https:\/\/corrientesdetarde.com\/index.php\/wp-json\/wp\/v2\/categories?post=207708"},{"taxonomy":"post_tag","embeddable":true,"href":"https:\/\/corrientesdetarde.com\/index.php\/wp-json\/wp\/v2\/tags?post=207708"}],"curies":[{"name":"wp","href":"https:\/\/api.w.org\/{rel}","templated":true}]}}