{"id":207709,"date":"2025-05-15T08:09:39","date_gmt":"2025-05-15T11:09:39","guid":{"rendered":"https:\/\/corrientesdetarde.com\/?p=207709"},"modified":"2025-05-15T08:09:42","modified_gmt":"2025-05-15T11:09:42","slug":"se-traslada-el-feriado-del-domingo-25-de-mayo","status":"publish","type":"post","link":"https:\/\/corrientesdetarde.com\/index.php\/informacion-general\/se-traslada-el-feriado-del-domingo-25-de-mayo\/","title":{"rendered":"\u00bfSe traslada el feriado del domingo 25 de mayo?"},"content":{"rendered":"\n<p>El pr\u00f3ximo domingo 25 de mayo, fecha en la que se celebra la Revoluci\u00f3n de Mayo de 1810, no se trasladar\u00e1 al lunes ni se combinar\u00e1 con un feriado puente tur\u00edstico.<\/p>\n\n\n\n<p>Seg\u00fan lo dispuesto por la Ley 27.399, que regula los feriados nacionales y d\u00edas no laborables en la Argentina, los feriados hist\u00f3ricos que caen en fin de semana no se modifican, por lo que se mantienen en la fecha original.<\/p>\n\n\n\n<p>Esto implica que el lunes 26 de mayo ser\u00e1 laborable. Por ende, solo tendr\u00e1n d\u00eda libre quienes trabajen los domingos, sin que eso afecte a la mayor\u00eda de los empleados.<\/p>\n\n\n\n<p>El 25 de mayo recuerda la creaci\u00f3n del Primer Gobierno Patrio, en 1810, que marc\u00f3 el inicio del proceso de independencia de la Argentina frente a la corona espa\u00f1ola. En esa jornada se form\u00f3 la Primera Junta, compuesta por figuras destacadas como Cornelio Saavedra, Mariano Moreno y Manuel Belgrano.<\/p>\n\n\n\n<h3 class=\"wp-block-heading\">Todos los feriados que quedan en 2025<\/h3>\n\n\n\n<p><br>Mayo:<\/p>\n\n\n\n<p>Domingo 25 de mayo: D\u00eda de la Revoluci\u00f3n de Mayo (feriado inamovible).<\/p>\n\n\n\n<p><br>Junio:<\/p>\n\n\n\n<p>Lunes 16 de junio: Paso a la Inmortalidad del General Don Mart\u00edn Miguel de G\u00fcemes (se traslada del martes 17 de junio).<\/p>\n\n\n\n<p><br>Viernes 20 de junio: Paso a la Inmortalidad del General Don Manuel Belgrano (feriado inamovible).<\/p>\n\n\n\n<p><br>Julio:<\/p>\n\n\n\n<p>Mi\u00e9rcoles 9 de julio: D\u00eda de la Independencia (feriado inamovible).<\/p>\n\n\n\n<p><br>Agosto:<\/p>\n\n\n\n<p>Viernes 15 de agosto: D\u00eda no laborable puente.<\/p>\n\n\n\n<p><br>Domingo 17 de agosto: Paso a la Inmortalidad del General Don Jos\u00e9 de San Mart\u00edn (feriado trasladable).<\/p>\n\n\n\n<p><br>Octubre:<\/p>\n\n\n\n<p>Domingo 12 de octubre: D\u00eda del Respeto a la Diversidad Cultural (feriado trasladable).<\/p>\n\n\n\n<p><br>Noviembre:<\/p>\n\n\n\n<p>Viernes 21 de noviembre: D\u00eda no laborable puente.<\/p>\n\n\n\n<p><br>Lunes 24 de noviembre: D\u00eda de la Soberan\u00eda Nacional (se traslada del jueves 20 de noviembre).<\/p>\n\n\n\n<p><br>Diciembre:<\/p>\n\n\n\n<p>Lunes 8 de diciembre: D\u00eda de la Inmaculada Concepci\u00f3n de Mar\u00eda (feriado inamovible).<\/p>\n\n\n\n<p><br>Jueves 25 de diciembre: Navidad (feriado inamovible).<\/p>\n\n\n\n<p>Fines de semana largos que quedan en 2025<\/p>\n\n\n\n<p><br>Paso a la Inmortalidad del General Don Mart\u00edn Miguel de G\u00fcemes:<\/p>\n\n\n\n<p>S\u00e1bado 14, domingo 15 y lunes 16 de junio (3 d\u00edas).<\/p>\n\n\n\n<p><br>Paso a la Inmortalidad del General Don Jos\u00e9 de San Mart\u00edn:<\/p>\n\n\n\n<p>Viernes 15, s\u00e1bado 16 y domingo 17 de agosto (3 d\u00edas).<\/p>\n\n\n\n<p><br>D\u00eda de la Soberan\u00eda Nacional:<\/p>\n\n\n\n<p>S\u00e1bado 23, domingo 24 y lunes 24 de noviembre (3 d\u00edas).<\/p>\n\n\n\n<p><br>D\u00eda de la Inmaculada Concepci\u00f3n de Mar\u00eda:<\/p>\n\n\n\n<p>S\u00e1bado 6, domingo 7 y lunes 8 de diciembre (3 d\u00edas).<\/p>\n","protected":false},"excerpt":{"rendered":"<p>El pr\u00f3ximo domingo 25 de mayo, fecha en la que se celebra la Revoluci\u00f3n de Mayo de 1810, no se trasladar\u00e1 al lunes ni se combinar\u00e1 con un feriado puente&hellip; <\/p>\n","protected":false},"author":1,"featured_media":150031,"comment_status":"closed","ping_status":"open","sticky":false,"template":"","format":"standard","meta":{"footnotes":""},"categories":[1],"tags":[],"class_list":["post-207709","post","type-post","status-publish","format-standard","has-post-thumbnail","hentry","category-informacion-general"],"_links":{"self":[{"href":"https:\/\/corrientesdetarde.com\/index.php\/wp-json\/wp\/v2\/posts\/207709","targetHints":{"allow":["GET"]}}],"collection":[{"href":"https:\/\/corrientesdetarde.com\/index.php\/wp-json\/wp\/v2\/posts"}],"about":[{"href":"https:\/\/corrientesdetarde.com\/index.php\/wp-json\/wp\/v2\/types\/post"}],"author":[{"embeddable":true,"href":"https:\/\/corrientesdetarde.com\/index.php\/wp-json\/wp\/v2\/users\/1"}],"replies":[{"embeddable":true,"href":"https:\/\/corrientesdetarde.com\/index.php\/wp-json\/wp\/v2\/comments?post=207709"}],"version-history":[{"count":1,"href":"https:\/\/corrientesdetarde.com\/index.php\/wp-json\/wp\/v2\/posts\/207709\/revisions"}],"predecessor-version":[{"id":207711,"href":"https:\/\/corrientesdetarde.com\/index.php\/wp-json\/wp\/v2\/posts\/207709\/revisions\/207711"}],"wp:featuredmedia":[{"embeddable":true,"href":"https:\/\/corrientesdetarde.com\/index.php\/wp-json\/wp\/v2\/media\/150031"}],"wp:attachment":[{"href":"https:\/\/corrientesdetarde.com\/index.php\/wp-json\/wp\/v2\/media?parent=207709"}],"wp:term":[{"taxonomy":"category","embeddable":true,"href":"https:\/\/corrientesdetarde.com\/index.php\/wp-json\/wp\/v2\/categories?post=207709"},{"taxonomy":"post_tag","embeddable":true,"href":"https:\/\/corrientesdetarde.com\/index.php\/wp-json\/wp\/v2\/tags?post=207709"}],"curies":[{"name":"wp","href":"https:\/\/api.w.org\/{rel}","templated":true}]}}