{"id":207710,"date":"2025-05-15T08:13:20","date_gmt":"2025-05-15T11:13:20","guid":{"rendered":"https:\/\/corrientesdetarde.com\/?p=207710"},"modified":"2025-05-15T08:13:31","modified_gmt":"2025-05-15T11:13:31","slug":"caso-maradona-expectativa-por-la-declaracion-del-psicologo-carlos-diaz","status":"publish","type":"post","link":"https:\/\/corrientesdetarde.com\/index.php\/crimen-y-justicia\/caso-maradona-expectativa-por-la-declaracion-del-psicologo-carlos-diaz\/","title":{"rendered":"Caso Maradona: expectativa por la declaraci\u00f3n del psic\u00f3logo Carlos D\u00edaz"},"content":{"rendered":"\n<p>El defensor del imputado, Diego Olmedo, se lo inform\u00f3 a la agencia Noticias Argentinas y se\u00f1al\u00f3 que el imputado prestar\u00e1 testimonio por la tarde.<\/p>\n\n\n\n<p>D\u00edaz fue contratado por el abogado Mat\u00edas Morla para abordar las adicciones del ex jugador de Boca y la Selecci\u00f3n argentina a las drogas y al alcohol, seg\u00fan explic\u00f3 Olmedo a este medio.<\/p>\n\n\n\n<p>En primer t\u00e9rmino, los testigos que comparecer\u00e1n ante los jueces Maximiliano Savarino, Ver\u00f3nica Di Tomasso y Julieta Makintach ser\u00e1n dos acompa\u00f1antes terap\u00e9uticos, identificados como Alejandro Cottaro y Carlos Baccini.<\/p>\n\n\n\n<p>Ambos profesionales acompa\u00f1aron al paciente desde el 11 de noviembre, d\u00eda en el que fue externado de la Cl\u00ednica Olivos para ser derivado a la residencia del barrio cerrado San Andr\u00e9s, en el partido bonaerense de Tigre.<\/p>\n\n\n\n<p>Junto a D\u00edaz, el neurocirujano y m\u00e9dico personal de Diego, Leopoldo Luque, la psiquiatra Agustina Cosachov, el m\u00e9dico cl\u00ednico Pedro Pablo Di Spagna, la coordinadora de Swiss Medical, Nancy Edith Forlini, el enfermero Ricardo Omar Almir\u00f3n y el jefe de los enfermeros, Mariano Perroni, son los otros seis sindicados por el presunto homicidio simple con dolo eventual de Maradona, un delito que prev\u00e9 una pena que va de ocho a 25 a\u00f1os de c\u00e1rcel, seg\u00fan el C\u00f3digo Penal.<\/p>\n\n\n\n<p>La extensa declaraci\u00f3n de Gianinna Maradona&nbsp;<\/p>\n\n\n\n<p><br>La hermana menor de Dalma prest\u00f3 testimonio durante siete horas y se\u00f1al\u00f3 que &#8220;lo vio muy mal&#8221; a su padre luego de su operaci\u00f3n por el hematoma subdural, a la vez que llor\u00f3 cuando record\u00f3 la noticia de su fallecimiento.<\/p>\n\n\n\n<p>La hija del ex futbolista y Claudia Villafa\u00f1e sostuvo que durante la reuni\u00f3n realizada en la Cl\u00ednica Olivos la convencieron a ella y a sus hermanas -Dalma y Jana- de que &#8220;lo mejor para Diego era una internaci\u00f3n domiciliaria&#8221;, una decisi\u00f3n con la que &#8220;todos estuvimos de acuerdo&#8221;.<\/p>\n\n\n\n<p>&#8220;Le pido disculpas a mi hijo, a mi hermana y a mi mam\u00e1. Me quer\u00eda ir con mi pap\u00e1, no ten\u00eda ganas de nada&#8221;, a\u00f1adi\u00f3 Gianinna.<\/p>\n\n\n\n<p>Por otra parte, lament\u00f3 &#8220;todo lo que hicieron, c\u00f3mo lo manipularon y c\u00f3mo lo dejaron solo&#8221; a su padre, en un mensaje directo al m\u00e9dico personal Leopoldo Luque, como as\u00ed tambi\u00e9n a la psiquiatra Agustina Cosachov.<\/p>\n\n\n\n<p>&#8220;Me duele escuchar c\u00f3mo se refer\u00edan a \u00e9l y a todos nosotros. Me parece que nadie se lo merece, pero mi pap\u00e1 menos que nadie&#8221;, agreg\u00f3 la joven.<\/p>\n","protected":false},"excerpt":{"rendered":"<p>El defensor del imputado, Diego Olmedo, se lo inform\u00f3 a la agencia Noticias Argentinas y se\u00f1al\u00f3 que el imputado prestar\u00e1 testimonio por la tarde. D\u00edaz fue contratado por el abogado&hellip; <\/p>\n","protected":false},"author":1,"featured_media":207715,"comment_status":"closed","ping_status":"open","sticky":false,"template":"","format":"standard","meta":{"footnotes":""},"categories":[5,19],"tags":[],"class_list":["post-207710","post","type-post","status-publish","format-standard","has-post-thumbnail","hentry","category-crimen-y-justicia","category-espectaculos"],"_links":{"self":[{"href":"https:\/\/corrientesdetarde.com\/index.php\/wp-json\/wp\/v2\/posts\/207710","targetHints":{"allow":["GET"]}}],"collection":[{"href":"https:\/\/corrientesdetarde.com\/index.php\/wp-json\/wp\/v2\/posts"}],"about":[{"href":"https:\/\/corrientesdetarde.com\/index.php\/wp-json\/wp\/v2\/types\/post"}],"author":[{"embeddable":true,"href":"https:\/\/corrientesdetarde.com\/index.php\/wp-json\/wp\/v2\/users\/1"}],"replies":[{"embeddable":true,"href":"https:\/\/corrientesdetarde.com\/index.php\/wp-json\/wp\/v2\/comments?post=207710"}],"version-history":[{"count":1,"href":"https:\/\/corrientesdetarde.com\/index.php\/wp-json\/wp\/v2\/posts\/207710\/revisions"}],"predecessor-version":[{"id":207716,"href":"https:\/\/corrientesdetarde.com\/index.php\/wp-json\/wp\/v2\/posts\/207710\/revisions\/207716"}],"wp:featuredmedia":[{"embeddable":true,"href":"https:\/\/corrientesdetarde.com\/index.php\/wp-json\/wp\/v2\/media\/207715"}],"wp:attachment":[{"href":"https:\/\/corrientesdetarde.com\/index.php\/wp-json\/wp\/v2\/media?parent=207710"}],"wp:term":[{"taxonomy":"category","embeddable":true,"href":"https:\/\/corrientesdetarde.com\/index.php\/wp-json\/wp\/v2\/categories?post=207710"},{"taxonomy":"post_tag","embeddable":true,"href":"https:\/\/corrientesdetarde.com\/index.php\/wp-json\/wp\/v2\/tags?post=207710"}],"curies":[{"name":"wp","href":"https:\/\/api.w.org\/{rel}","templated":true}]}}