{"id":207722,"date":"2025-05-15T09:04:19","date_gmt":"2025-05-15T12:04:19","guid":{"rendered":"https:\/\/corrientesdetarde.com\/?p=207722"},"modified":"2025-05-15T09:04:30","modified_gmt":"2025-05-15T12:04:30","slug":"el-fresco-llegara-a-partir-del-martes-a-corrientes","status":"publish","type":"post","link":"https:\/\/corrientesdetarde.com\/index.php\/clima\/el-fresco-llegara-a-partir-del-martes-a-corrientes\/","title":{"rendered":"El fresco llegar\u00e1 a partir del martes a Corrientes"},"content":{"rendered":"\n<p>El term\u00f3metro comenz\u00f3 a subir esta semana y llegaron las temperaturas altas a Corrientes, y seg\u00fan los pron\u00f3sticos reci\u00e9n para el inicio de la semana pr\u00f3xima volver\u00e1n a descender.&nbsp;<strong>El domingo se prev\u00e9 precipitaciones en toda la provincia y estas condiciones se mantendr\u00e1n hasta el martes, cuando las m\u00e1ximas lleguen apenas a los 18\u00baC y las m\u00ednimas a los 15\u00baC.&nbsp;<\/strong><\/p>\n\n\n\n<p><strong>Las lluvias llegar\u00e1n para el domingo y se extender\u00e1n hasta el martes.<\/strong><\/p>\n\n\n\n<p><strong>La doctora en recursos naturales y observadora meteorol\u00f3gica, Carolina Fern\u00e1ndez L\u00f3pez, se\u00f1al\u00f3: \u201cTodav\u00eda no hay tantas precisiones pero m\u00e1s bien templado. Para el jueves y viernes baja un poco m\u00e1s, pero desde el martes empieza a descender la temperatura\u201d.\u00a0<\/strong><\/p>\n\n\n\n<p><strong>La temperatura en lo que resta de la semana.<\/strong><img decoding=\"async\" alt=\"Cu\u00e1ndo llegar\u00e1 el fresco y las lluvias a Corrientes \" src=\"https:\/\/pxcdn.ellitoral.com.ar\/litoral\/052025\/1747266985626.jpg?cw=807\"><\/p>\n\n\n\n<p>El descenso llegar\u00e1 a partir del martes.<\/p>\n\n\n\n<p>Reci\u00e9n para la pr\u00f3xima semana las temperaturas podr\u00edan volver a descender, por lo que los correntinos tienen algunos d\u00edas m\u00e1s de calor con m\u00e1ximas que podr\u00edan alcanzar los 30\u00baC. Como se espera para este jueves<strong>, el term\u00f3metro rondar\u00e1 los 18\u00baC y 28\u00baC,&nbsp;<\/strong>con cielos parcialmente nublados, sin precipitaciones y el desarrollo de vientos por el sector norte.&nbsp;<\/p>\n\n\n\n<p>Estas condiciones se mantendr\u00e1n hasta el domingo cuando se prev\u00e9 la llegada de lluvias, sin embargo, seg\u00fan el informe agrometeorol\u00f3gico del Inta, no se espera que sean grandes acumulados como los ocurridos la semana pasada en la provincia.&nbsp;<\/p>\n","protected":false},"excerpt":{"rendered":"<p>El term\u00f3metro comenz\u00f3 a subir esta semana y llegaron las temperaturas altas a Corrientes, y seg\u00fan los pron\u00f3sticos reci\u00e9n para el inicio de la semana pr\u00f3xima volver\u00e1n a descender.&nbsp;El domingo&hellip; <\/p>\n","protected":false},"author":1,"featured_media":205360,"comment_status":"closed","ping_status":"open","sticky":false,"template":"","format":"standard","meta":{"footnotes":""},"categories":[29],"tags":[],"class_list":["post-207722","post","type-post","status-publish","format-standard","has-post-thumbnail","hentry","category-clima"],"_links":{"self":[{"href":"https:\/\/corrientesdetarde.com\/index.php\/wp-json\/wp\/v2\/posts\/207722","targetHints":{"allow":["GET"]}}],"collection":[{"href":"https:\/\/corrientesdetarde.com\/index.php\/wp-json\/wp\/v2\/posts"}],"about":[{"href":"https:\/\/corrientesdetarde.com\/index.php\/wp-json\/wp\/v2\/types\/post"}],"author":[{"embeddable":true,"href":"https:\/\/corrientesdetarde.com\/index.php\/wp-json\/wp\/v2\/users\/1"}],"replies":[{"embeddable":true,"href":"https:\/\/corrientesdetarde.com\/index.php\/wp-json\/wp\/v2\/comments?post=207722"}],"version-history":[{"count":1,"href":"https:\/\/corrientesdetarde.com\/index.php\/wp-json\/wp\/v2\/posts\/207722\/revisions"}],"predecessor-version":[{"id":207726,"href":"https:\/\/corrientesdetarde.com\/index.php\/wp-json\/wp\/v2\/posts\/207722\/revisions\/207726"}],"wp:featuredmedia":[{"embeddable":true,"href":"https:\/\/corrientesdetarde.com\/index.php\/wp-json\/wp\/v2\/media\/205360"}],"wp:attachment":[{"href":"https:\/\/corrientesdetarde.com\/index.php\/wp-json\/wp\/v2\/media?parent=207722"}],"wp:term":[{"taxonomy":"category","embeddable":true,"href":"https:\/\/corrientesdetarde.com\/index.php\/wp-json\/wp\/v2\/categories?post=207722"},{"taxonomy":"post_tag","embeddable":true,"href":"https:\/\/corrientesdetarde.com\/index.php\/wp-json\/wp\/v2\/tags?post=207722"}],"curies":[{"name":"wp","href":"https:\/\/api.w.org\/{rel}","templated":true}]}}