{"id":207836,"date":"2025-05-15T15:50:55","date_gmt":"2025-05-15T18:50:55","guid":{"rendered":"https:\/\/corrientesdetarde.com\/?p=207836"},"modified":"2025-05-15T15:51:07","modified_gmt":"2025-05-15T18:51:07","slug":"el-enojo-de-liam-lawson-por-la-decision-de-alpine-de-desplazar-a-jack-doohan-y-ascender-a-franco-colapinto","status":"publish","type":"post","link":"https:\/\/corrientesdetarde.com\/index.php\/deportes\/el-enojo-de-liam-lawson-por-la-decision-de-alpine-de-desplazar-a-jack-doohan-y-ascender-a-franco-colapinto\/","title":{"rendered":"El enojo de Liam Lawson por la decisi\u00f3n de Alpine de desplazar a Jack Doohan y ascender a Franco Colapinto"},"content":{"rendered":"\n<p>El neozeland\u00e9s critic\u00f3 el movimiento que hizo la escuder\u00eda francesa al reemplazar al australiano con el argentino antes del GP de Imola.<\/p>\n\n\n\n<p>La confirmaci\u00f3n de\u00a0<strong>Franco Colapinto<\/strong>\u00a0como piloto titular de<strong>\u00a0Alpine<\/strong>\u00a0en lugar de\u00a0<strong>Jack Doohan<\/strong>\u00a0revolucion\u00f3 a la F\u00f3rmula 1. Sin embargo, hubo quienes se manifestaron en contra de la decisi\u00f3n de la escuder\u00eda francesa, como el piloto neozeland\u00e9s\u00a0<strong>Liam Lawson<\/strong>.<\/p>\n\n\n\n<p>\u201c<strong>\u00bfC\u00f3mo esperan que muestres todo lo que tienes en cinco carreras, y m\u00e1s en tu temporada de novato?<\/strong>\u201d, cuestion\u00f3 Lawson, uno de los cuatro pilotos que, hasta el momento, no sum\u00f3 puntos en la temporada.<\/p>\n\n\n\n<p>En ese sentido, agreg\u00f3: \u201c<strong>Habl\u00e9 con Jack y obviamente para \u00e9l es muy duro<\/strong>. Creo que ha demostrado lo suficiente como para quedarse en la F\u00f3rmula 1\u201d.<\/p>\n\n\n\n<figure class=\"wp-block-image\"><img decoding=\"async\" src=\"https:\/\/tn.com.ar\/resizer\/v2\/franco-colapinto-y-liam-lawson-vuelven-a-cruzarse-en-la-f1-tras-haber-compartido-paddock-en-2024-fotos-ap-reuters-DHZKWTAWOJAFZMKEE4NI7J4HKA.jpg?auth=033c3c81cabcf197b4c63b0af3587fe6c32550c249339f1131f43d0ef54dfd97&amp;width=767\" alt=\"Franco Colapinto y Liam Lawson vuelven a cruzarse en la F1 tras haber compartido paddock en 2024. (Fotos: AP-Reuters)\"\/><\/figure>\n\n\n\n<h2 class=\"wp-block-heading\">Cu\u00e1l fue el mensaje de Colapinto a Doohan tras reemplazarlo en Alpine<\/h2>\n\n\n\n<p>\u201c<strong>Jack es muy buen pibe<\/strong>. Es una l\u00e1stima, la F\u00f3rmula 1 es muy dura, y nunca uno elige cu\u00e1ndo subirse\u201d, expres\u00f3 Colapinto en di\u00e1logo con&nbsp;<em>ESPN<\/em>.<\/p>\n\n\n\n<p>Con sus declaraciones, el argentino desactiv\u00f3 una tensi\u00f3n que se gener\u00f3 por el ruido externo desde el inicio de la temporada, fomentada por la ansiedad de verlo nuevamente en pista tras su salida de Williams.<\/p>\n\n\n\n<h2 class=\"wp-block-heading\">\u201cHay que mejorar el auto\u201d<\/h2>\n\n\n\n<p>Antes de su debut, el pilarense lanz\u00f3 una advertencia relacionada sobre el estado del monoplaza que tendr\u00e1 que manejar:&nbsp;<strong>\u201cEl auto no est\u00e1 en un buen momento<\/strong>, hay que trabajar en eso, mejorar el auto, ayudar al equipo para cumplir los objetivos m\u00e1s a largo plazo\u201d.<\/p>\n\n\n\n<p><strong>\u201cHay que llevar al equipo a donde tiene que estar\u201d<\/strong>, afirm\u00f3 Colapinto.<\/p>\n","protected":false},"excerpt":{"rendered":"<p>El neozeland\u00e9s critic\u00f3 el movimiento que hizo la escuder\u00eda francesa al reemplazar al australiano con el argentino antes del GP de Imola. La confirmaci\u00f3n de\u00a0Franco Colapinto\u00a0como piloto titular de\u00a0Alpine\u00a0en lugar&hellip; <\/p>\n","protected":false},"author":8,"featured_media":207837,"comment_status":"closed","ping_status":"open","sticky":false,"template":"","format":"standard","meta":{"footnotes":""},"categories":[4],"tags":[],"class_list":["post-207836","post","type-post","status-publish","format-standard","has-post-thumbnail","hentry","category-deportes"],"_links":{"self":[{"href":"https:\/\/corrientesdetarde.com\/index.php\/wp-json\/wp\/v2\/posts\/207836","targetHints":{"allow":["GET"]}}],"collection":[{"href":"https:\/\/corrientesdetarde.com\/index.php\/wp-json\/wp\/v2\/posts"}],"about":[{"href":"https:\/\/corrientesdetarde.com\/index.php\/wp-json\/wp\/v2\/types\/post"}],"author":[{"embeddable":true,"href":"https:\/\/corrientesdetarde.com\/index.php\/wp-json\/wp\/v2\/users\/8"}],"replies":[{"embeddable":true,"href":"https:\/\/corrientesdetarde.com\/index.php\/wp-json\/wp\/v2\/comments?post=207836"}],"version-history":[{"count":1,"href":"https:\/\/corrientesdetarde.com\/index.php\/wp-json\/wp\/v2\/posts\/207836\/revisions"}],"predecessor-version":[{"id":207838,"href":"https:\/\/corrientesdetarde.com\/index.php\/wp-json\/wp\/v2\/posts\/207836\/revisions\/207838"}],"wp:featuredmedia":[{"embeddable":true,"href":"https:\/\/corrientesdetarde.com\/index.php\/wp-json\/wp\/v2\/media\/207837"}],"wp:attachment":[{"href":"https:\/\/corrientesdetarde.com\/index.php\/wp-json\/wp\/v2\/media?parent=207836"}],"wp:term":[{"taxonomy":"category","embeddable":true,"href":"https:\/\/corrientesdetarde.com\/index.php\/wp-json\/wp\/v2\/categories?post=207836"},{"taxonomy":"post_tag","embeddable":true,"href":"https:\/\/corrientesdetarde.com\/index.php\/wp-json\/wp\/v2\/tags?post=207836"}],"curies":[{"name":"wp","href":"https:\/\/api.w.org\/{rel}","templated":true}]}}